{"id":1331,"date":"2020-07-18T08:59:15","date_gmt":"2020-07-18T06:59:15","guid":{"rendered":"https:\/\/langueetcom.fr\/?p=1331"},"modified":"2020-12-02T15:38:51","modified_gmt":"2020-12-02T14:38:51","slug":"la-sonotheque-nomade-en-residence","status":"publish","type":"post","link":"https:\/\/langueetcom.fr\/a-destination-des-apprenant-es\/la-sonotheque-nomade-en-residence\/","title":{"rendered":"La Sonoth\u00e8que Nomade en r\u00e9sidence"},"content":{"rendered":"\n<p><\/p>\n\n\n\n<p>Dans le cadre de la programmation des <a href=\"http:\/\/www.lestombeesdelanuit.com\">Tomb\u00e9es de la Nuit<\/a>, Langue et Communication accueille du 20 au 24 juillet la Fausse Compagnie et sa Sonoth\u00e8que Nomade,<\/p>\n\n\n\n<p><em>La Sonoth\u00e8que Nomade<\/em>, c\u2019est l\u2019itin\u00e9rance d\u2019un couple d\u2019artistes qui collecte des chants et des berceuses \u00e0 travers le monde. Colporteurs de notre humanit\u00e9 et de sa diversit\u00e9, Carine Henry et J\u00e9r\u00f4me Bouvet voyagent avec leur instrumentarium forain Stroh \u00e0 pavillon. Ils inventent des espaces buissonniers d\u2019enregistrement et d\u2019\u00e9coute de chants a capella, d\u2019ici et d\u2019ailleurs.&nbsp;<em>La Tisanerie Sonore<\/em>&nbsp;est une installation vivante autour d\u2019un porte-voix g\u00e9ant, un rituel po\u00e9tique pour se rencontrer autour d\u2019un chant ou d\u2019une tisane et partager des concerts intimistes \u00e0 ciel ouvert. Une oasis de convivialit\u00e9 d\u2019une accueillante marginalit\u00e9, o\u00f9 chaque oiseau est un chant et chaque chant un monde en soi. \u00c0 Rennes,&nbsp;<em>La Tisanerie Sonore<\/em>&nbsp;sera implant\u00e9e dans la cour de l\u2019association Langue et Communication. Une invitation \u00e0 prendre le temps, le temps du v\u00e9g\u00e9tal, le temps de la curiosit\u00e9 et du lien. Une invitation \u00e0 d\u00e9poser notre multitude, \u00e0 la partager pour la garder vivante et \u00e0 rencontrer celle des autres.<\/p>\n\n\n\n<p>\u00ab Les langues poussent encore plus lentement que les arbres [\u2026] La diversit\u00e9 linguistique est une richesse, mais une richesse menac\u00e9e. \u00bb Colette Grinevald<\/p>\n","protected":false},"excerpt":{"rendered":"<p>Dans le cadre de la programmation des Tomb\u00e9es de la Nuit, Langue et Communication accueille du 20 au 24 juillet la Fausse Compagnie et sa Sonoth\u00e8que Nomade, La Sonoth\u00e8que Nomade, c\u2019est l\u2019itin\u00e9rance d\u2019un couple d\u2019artistes qui collecte des chants et&hellip;<\/p>\n","protected":false},"author":2,"featured_media":1336,"comment_status":"closed","ping_status":"open","sticky":false,"template":"","format":"standard","meta":{"_EventAllDay":false,"_EventTimezone":"","_EventStartDate":"","_EventEndDate":"","_EventStartDateUTC":"","_EventEndDateUTC":"","_EventShowMap":false,"_EventShowMapLink":false,"_EventURL":"","_EventCost":"","_EventCostDescription":"","_EventCurrencySymbol":"","_EventCurrencyPosition":"","_EventDateTimeSeparator":"","_EventTimeRangeSeparator":"","_EventOrganizerID":[],"_EventVenueID":0,"_OrganizerEmail":"","_OrganizerPhone":"","_OrganizerWebsite":"","_VenueAddress":"","_VenueCity":"","_VenueCountry":"","_VenueProvince":"","_VenueZip":"","_VenuePhone":"","_VenueURL":"","_VenueStateProvince":"","_VenueLat":"","_VenueLng":""},"categories":[19,21,17],"tags":[],"post_series":[],"yoast_head":"<!-- This site is optimized with the Yoast SEO plugin v16.4 - https:\/\/yoast.com\/wordpress\/plugins\/seo\/ -->\n<title>La Sonoth\u00e8que Nomade en r\u00e9sidence | Langue et Communication<\/title>\n<meta name=\"robots\" content=\"index, follow, max-snippet:-1, max-image-preview:large, max-video-preview:-1\" \/>\n<link rel=\"canonical\" href=\"https:\/\/langueetcom.fr\/a-destination-des-apprenant-es\/la-sonotheque-nomade-en-residence\/\" \/>\n<meta property=\"og:locale\" content=\"fr_FR\" \/>\n<meta property=\"og:type\" content=\"article\" \/>\n<meta property=\"og:title\" content=\"La Sonoth\u00e8que Nomade en r\u00e9sidence | Langue et Communication\" \/>\n<meta property=\"og:description\" content=\"Dans le cadre de la programmation des Tomb\u00e9es de la Nuit, Langue et Communication accueille du 20 au 24 juillet la Fausse Compagnie et sa Sonoth\u00e8que Nomade, La Sonoth\u00e8que Nomade, c\u2019est l\u2019itin\u00e9rance d\u2019un couple d\u2019artistes qui collecte des chants et&hellip;\" \/>\n<meta property=\"og:url\" content=\"https:\/\/langueetcom.fr\/a-destination-des-apprenant-es\/la-sonotheque-nomade-en-residence\/\" \/>\n<meta property=\"og:site_name\" content=\"Langue et Communication\" \/>\n<meta property=\"article:published_time\" content=\"2020-07-18T06:59:15+00:00\" \/>\n<meta property=\"article:modified_time\" content=\"2020-12-02T14:38:51+00:00\" \/>\n<meta property=\"og:image\" content=\"https:\/\/langueetcom.fr\/wp-content\/uploads\/2020\/07\/Sonoth\u00e8que-Nomade-scaled.jpg\" \/>\n\t<meta property=\"og:image:width\" content=\"2560\" \/>\n\t<meta property=\"og:image:height\" content=\"1920\" \/>\n<meta name=\"twitter:card\" content=\"summary_large_image\" \/>\n<meta name=\"twitter:label1\" content=\"Dur\u00e9e de lecture est.\" \/>\n\t<meta name=\"twitter:data1\" content=\"1 minute\" \/>\n<script type=\"application\/ld+json\" class=\"yoast-schema-graph\">{\"@context\":\"https:\/\/schema.org\",\"@graph\":[{\"@type\":\"Organization\",\"@id\":\"https:\/\/langueetcom.fr\/#organization\",\"name\":\"Langue et Communication\",\"url\":\"https:\/\/langueetcom.fr\/\",\"sameAs\":[],\"logo\":{\"@type\":\"ImageObject\",\"@id\":\"https:\/\/langueetcom.fr\/#logo\",\"inLanguage\":\"fr-FR\",\"url\":\"https:\/\/langueetcom.fr\/wp-content\/uploads\/2020\/12\/langueetcom-logo-typoseule-004.png\",\"contentUrl\":\"https:\/\/langueetcom.fr\/wp-content\/uploads\/2020\/12\/langueetcom-logo-typoseule-004.png\",\"width\":909,\"height\":268,\"caption\":\"Langue et Communication\"},\"image\":{\"@id\":\"https:\/\/langueetcom.fr\/#logo\"}},{\"@type\":\"WebSite\",\"@id\":\"https:\/\/langueetcom.fr\/#website\",\"url\":\"https:\/\/langueetcom.fr\/\",\"name\":\"Langue et Communication\",\"description\":\"Centre de formation pour un apprentissage du fran\\u00e7aisriche de sens\",\"publisher\":{\"@id\":\"https:\/\/langueetcom.fr\/#organization\"},\"potentialAction\":[{\"@type\":\"SearchAction\",\"target\":\"https:\/\/langueetcom.fr\/?s={search_term_string}\",\"query-input\":\"required name=search_term_string\"}],\"inLanguage\":\"fr-FR\"},{\"@type\":\"ImageObject\",\"@id\":\"https:\/\/langueetcom.fr\/a-destination-des-apprenant-es\/la-sonotheque-nomade-en-residence\/#primaryimage\",\"inLanguage\":\"fr-FR\",\"url\":\"https:\/\/langueetcom.fr\/wp-content\/uploads\/2020\/07\/Sonoth\\u00e8que-Nomade-scaled.jpg\",\"contentUrl\":\"https:\/\/langueetcom.fr\/wp-content\/uploads\/2020\/07\/Sonoth\\u00e8que-Nomade-scaled.jpg\",\"width\":2560,\"height\":1920},{\"@type\":\"WebPage\",\"@id\":\"https:\/\/langueetcom.fr\/a-destination-des-apprenant-es\/la-sonotheque-nomade-en-residence\/#webpage\",\"url\":\"https:\/\/langueetcom.fr\/a-destination-des-apprenant-es\/la-sonotheque-nomade-en-residence\/\",\"name\":\"La Sonoth\\u00e8que Nomade en r\\u00e9sidence | Langue et Communication\",\"isPartOf\":{\"@id\":\"https:\/\/langueetcom.fr\/#website\"},\"primaryImageOfPage\":{\"@id\":\"https:\/\/langueetcom.fr\/a-destination-des-apprenant-es\/la-sonotheque-nomade-en-residence\/#primaryimage\"},\"datePublished\":\"2020-07-18T06:59:15+00:00\",\"dateModified\":\"2020-12-02T14:38:51+00:00\",\"breadcrumb\":{\"@id\":\"https:\/\/langueetcom.fr\/a-destination-des-apprenant-es\/la-sonotheque-nomade-en-residence\/#breadcrumb\"},\"inLanguage\":\"fr-FR\",\"potentialAction\":[{\"@type\":\"ReadAction\",\"target\":[\"https:\/\/langueetcom.fr\/a-destination-des-apprenant-es\/la-sonotheque-nomade-en-residence\/\"]}]},{\"@type\":\"BreadcrumbList\",\"@id\":\"https:\/\/langueetcom.fr\/a-destination-des-apprenant-es\/la-sonotheque-nomade-en-residence\/#breadcrumb\",\"itemListElement\":[{\"@type\":\"ListItem\",\"position\":1,\"item\":{\"@type\":\"WebPage\",\"@id\":\"https:\/\/langueetcom.fr\/\",\"url\":\"https:\/\/langueetcom.fr\/\",\"name\":\"Accueil\"}},{\"@type\":\"ListItem\",\"position\":2,\"item\":{\"@id\":\"https:\/\/langueetcom.fr\/a-destination-des-apprenant-es\/la-sonotheque-nomade-en-residence\/#webpage\"}}]},{\"@type\":\"Article\",\"@id\":\"https:\/\/langueetcom.fr\/a-destination-des-apprenant-es\/la-sonotheque-nomade-en-residence\/#article\",\"isPartOf\":{\"@id\":\"https:\/\/langueetcom.fr\/a-destination-des-apprenant-es\/la-sonotheque-nomade-en-residence\/#webpage\"},\"author\":{\"@id\":\"https:\/\/langueetcom.fr\/#\/schema\/person\/ada572429d1f12730e422c91897d94ac\"},\"headline\":\"La Sonoth\\u00e8que Nomade en r\\u00e9sidence\",\"datePublished\":\"2020-07-18T06:59:15+00:00\",\"dateModified\":\"2020-12-02T14:38:51+00:00\",\"mainEntityOfPage\":{\"@id\":\"https:\/\/langueetcom.fr\/a-destination-des-apprenant-es\/la-sonotheque-nomade-en-residence\/#webpage\"},\"wordCount\":233,\"publisher\":{\"@id\":\"https:\/\/langueetcom.fr\/#organization\"},\"image\":{\"@id\":\"https:\/\/langueetcom.fr\/a-destination-des-apprenant-es\/la-sonotheque-nomade-en-residence\/#primaryimage\"},\"thumbnailUrl\":\"https:\/\/langueetcom.fr\/wp-content\/uploads\/2020\/07\/Sonoth\\u00e8que-Nomade-scaled.jpg\",\"articleSection\":[\"A destination des apprenant.es\",\"A destination des b\\u00e9n\\u00e9voles\",\"Tout public\"],\"inLanguage\":\"fr-FR\"},{\"@type\":\"Person\",\"@id\":\"https:\/\/langueetcom.fr\/#\/schema\/person\/ada572429d1f12730e422c91897d94ac\",\"name\":\"Aurelie\",\"image\":{\"@type\":\"ImageObject\",\"@id\":\"https:\/\/langueetcom.fr\/#personlogo\",\"inLanguage\":\"fr-FR\",\"url\":\"https:\/\/secure.gravatar.com\/avatar\/b84ced81c4956fe520a95c73139ff071?s=96&d=retro&r=g\",\"contentUrl\":\"https:\/\/secure.gravatar.com\/avatar\/b84ced81c4956fe520a95c73139ff071?s=96&d=retro&r=g\",\"caption\":\"Aurelie\"},\"url\":\"https:\/\/langueetcom.fr\/author\/aurelie\/\"}]}<\/script>\n<!-- \/ Yoast SEO plugin. -->","_links":{"self":[{"href":"https:\/\/langueetcom.fr\/api\/wp\/v2\/posts\/1331"}],"collection":[{"href":"https:\/\/langueetcom.fr\/api\/wp\/v2\/posts"}],"about":[{"href":"https:\/\/langueetcom.fr\/api\/wp\/v2\/types\/post"}],"author":[{"embeddable":true,"href":"https:\/\/langueetcom.fr\/api\/wp\/v2\/users\/2"}],"replies":[{"embeddable":true,"href":"https:\/\/langueetcom.fr\/api\/wp\/v2\/comments?post=1331"}],"version-history":[{"count":2,"href":"https:\/\/langueetcom.fr\/api\/wp\/v2\/posts\/1331\/revisions"}],"predecessor-version":[{"id":1335,"href":"https:\/\/langueetcom.fr\/api\/wp\/v2\/posts\/1331\/revisions\/1335"}],"wp:featuredmedia":[{"embeddable":true,"href":"https:\/\/langueetcom.fr\/api\/wp\/v2\/media\/1336"}],"wp:attachment":[{"href":"https:\/\/langueetcom.fr\/api\/wp\/v2\/media?parent=1331"}],"wp:term":[{"taxonomy":"category","embeddable":true,"href":"https:\/\/langueetcom.fr\/api\/wp\/v2\/categories?post=1331"},{"taxonomy":"post_tag","embeddable":true,"href":"https:\/\/langueetcom.fr\/api\/wp\/v2\/tags?post=1331"},{"taxonomy":"post_series","embeddable":true,"href":"https:\/\/langueetcom.fr\/api\/wp\/v2\/post_series?post=1331"}],"curies":[{"name":"wp","href":"https:\/\/api.w.org\/{rel}","templated":true}]}}