{"id":2535,"date":"2021-03-12T14:00:22","date_gmt":"2021-03-12T13:00:22","guid":{"rendered":"https:\/\/langueetcom.fr\/?p=2535"},"modified":"2022-12-21T23:59:39","modified_gmt":"2022-12-21T22:59:39","slug":"obtention-du-label-qualite-fle-et-certification-qualiopi","status":"publish","type":"post","link":"https:\/\/langueetcom.fr\/a-destination-des-apprenant-es\/obtention-du-label-qualite-fle-et-certification-qualiopi\/","title":{"rendered":"Obtention de la double labellisation Qualit\u00e9 FLE\/Qualiopi !"},"content":{"rendered":"[vc_row][vc_column][vc_single_image image=\u00a0\u00bb5957&Prime; img_size=\u00a0\u00bbmedium\u00a0\u00bb alignment=\u00a0\u00bbcenter\u00a0\u00bb][vc_empty_space][vc_column_text]\r\n<figure class=\"wp-block-table\">\r\n<table>\r\n<tbody>\r\n<tr>\r\n<td>\r\n<p>Fin 2020, notre organisme de formation a re\u00e7u la double <a href=\"https:\/\/www.of.moncompteformation.gouv.fr\/espace-public\/actualite\/la-certification-qualite-qualiopi-obligatoire-reportee-pour-2022\" target=\"_blank\" rel=\"noreferrer noopener\">certification Qualiopi <\/a>et<a href=\"https:\/\/www.qualitefle.fr\/\" target=\"_blank\" rel=\"noreferrer noopener\"> Label Qualit\u00e9 FLE,<\/a> v\u00e9ritable reconnaissance de notre expertise et de la qualit\u00e9 de notre enseignement.<\/p>\r\n<p>Le label Qualit\u00e9 FLE est d\u00e9livr\u00e9 par le minist\u00e8re de l\u2019\u00c9ducation nationale, de l\u2019Enseignement sup\u00e9rieur et de la Recherche, le minist\u00e8re de la Culture et de la Communication et le minist\u00e8re des Affaires \u00e9trang\u00e8res et du D\u00e9veloppement international. A la suite de la reconnaissance de la commission interminist\u00e9rielle de labellisation par les instances de France comp\u00e9tences, la commission peut d\u00e9sormais d\u00e9livrer le double Qualit\u00e9 FLE-Qualiopi.<\/p>\r\n<p>Au\u00a01<sup>er<\/sup> janvier 2022, la certification Qualit\u00e9 \u00ab Qualiopi \u00bb deviendra une obligation l\u00e9gale pour tous les Organismes r\u00e9alisant des actions pour le d\u00e9veloppement des comp\u00e9tences souhaitant b\u00e9n\u00e9ficier de fonds publics ou mutualis\u00e9s (financement par un op\u00e9rateur de comp\u00e9tences, par l\u2019\u00c9tat, par les r\u00e9gions, par la Caisse des D\u00e9p\u00f4ts et Consignations, par P\u00f4le emploi ou par l\u2019Agefiph).<\/p>\r\n<\/td>\r\n<\/tr>\r\n<tr>\r\n<td>\u00a0<\/td>\r\n<\/tr>\r\n<\/tbody>\r\n<\/table>\r\n<\/figure>\r\n[\/vc_column_text][\/vc_column][\/vc_row][vc_row][vc_column][\/vc_column][\/vc_row]","protected":false},"excerpt":{"rendered":"<p>[vc_row][vc_column][vc_single_image image=\u00a0\u00bb5957&Prime; img_size=\u00a0\u00bbmedium\u00a0\u00bb alignment=\u00a0\u00bbcenter\u00a0\u00bb][vc_empty_space][vc_column_text] Fin 2020, notre organisme de formation a re\u00e7u la double certification Qualiopi et Label Qualit\u00e9 FLE, v\u00e9ritable reconnaissance de notre expertise et de la qualit\u00e9 de notre enseignement. Le label Qualit\u00e9 FLE est d\u00e9livr\u00e9 par le&hellip;<\/p>\n","protected":false},"author":2,"featured_media":17072,"comment_status":"closed","ping_status":"open","sticky":false,"template":"","format":"standard","meta":{"_EventAllDay":false,"_EventTimezone":"","_EventStartDate":"","_EventEndDate":"","_EventStartDateUTC":"","_EventEndDateUTC":"","_EventShowMap":false,"_EventShowMapLink":false,"_EventURL":"","_EventCost":"","_EventCostDescription":"","_EventCurrencySymbol":"","_EventCurrencyPosition":"","_EventDateTimeSeparator":"","_EventTimeRangeSeparator":"","_EventOrganizerID":[],"_EventVenueID":0,"_OrganizerEmail":"","_OrganizerPhone":"","_OrganizerWebsite":"","_VenueAddress":"","_VenueCity":"","_VenueCountry":"","_VenueProvince":"","_VenueZip":"","_VenuePhone":"","_VenueURL":"","_VenueStateProvince":"","_VenueLat":"","_VenueLng":""},"categories":[19,21,17],"tags":[53,54,55,92,94,91],"post_series":[],"yoast_head":"<!-- This site is optimized with the Yoast SEO plugin v16.4 - https:\/\/yoast.com\/wordpress\/plugins\/seo\/ -->\n<title>Obtention de la double labellisation Qualit\u00e9 FLE\/Qualiopi ! | Langue et Communication<\/title>\n<meta name=\"robots\" content=\"index, follow, max-snippet:-1, max-image-preview:large, max-video-preview:-1\" \/>\n<link rel=\"canonical\" href=\"https:\/\/langueetcom.fr\/a-destination-des-apprenant-es\/obtention-du-label-qualite-fle-et-certification-qualiopi\/\" \/>\n<meta property=\"og:locale\" content=\"fr_FR\" \/>\n<meta property=\"og:type\" content=\"article\" \/>\n<meta property=\"og:title\" content=\"Obtention de la double labellisation Qualit\u00e9 FLE\/Qualiopi ! | Langue et Communication\" \/>\n<meta property=\"og:description\" content=\"[vc_row][vc_column][vc_single_image image=\u00a0\u00bb5957&Prime; img_size=\u00a0\u00bbmedium\u00a0\u00bb alignment=\u00a0\u00bbcenter\u00a0\u00bb][vc_empty_space][vc_column_text] Fin 2020, notre organisme de formation a re\u00e7u la double certification Qualiopi et Label Qualit\u00e9 FLE, v\u00e9ritable reconnaissance de notre expertise et de la qualit\u00e9 de notre enseignement. Le label Qualit\u00e9 FLE est d\u00e9livr\u00e9 par le&hellip;\" \/>\n<meta property=\"og:url\" content=\"https:\/\/langueetcom.fr\/a-destination-des-apprenant-es\/obtention-du-label-qualite-fle-et-certification-qualiopi\/\" \/>\n<meta property=\"og:site_name\" content=\"Langue et Communication\" \/>\n<meta property=\"article:published_time\" content=\"2021-03-12T13:00:22+00:00\" \/>\n<meta property=\"article:modified_time\" content=\"2022-12-21T22:59:39+00:00\" \/>\n<meta property=\"og:image\" content=\"https:\/\/langueetcom.fr\/wp-content\/uploads\/Label_FLE_RF_qualiopi-002.png\" \/>\n\t<meta property=\"og:image:width\" content=\"556\" \/>\n\t<meta property=\"og:image:height\" content=\"336\" \/>\n<meta name=\"twitter:card\" content=\"summary_large_image\" \/>\n<meta name=\"twitter:label1\" content=\"Dur\u00e9e de lecture est.\" \/>\n\t<meta name=\"twitter:data1\" content=\"1 minute\" \/>\n<script type=\"application\/ld+json\" class=\"yoast-schema-graph\">{\"@context\":\"https:\/\/schema.org\",\"@graph\":[{\"@type\":\"Organization\",\"@id\":\"https:\/\/langueetcom.fr\/#organization\",\"name\":\"Langue et Communication\",\"url\":\"https:\/\/langueetcom.fr\/\",\"sameAs\":[],\"logo\":{\"@type\":\"ImageObject\",\"@id\":\"https:\/\/langueetcom.fr\/#logo\",\"inLanguage\":\"fr-FR\",\"url\":\"https:\/\/langueetcom.fr\/wp-content\/uploads\/2020\/12\/langueetcom-logo-typoseule-004.png\",\"contentUrl\":\"https:\/\/langueetcom.fr\/wp-content\/uploads\/2020\/12\/langueetcom-logo-typoseule-004.png\",\"width\":909,\"height\":268,\"caption\":\"Langue et Communication\"},\"image\":{\"@id\":\"https:\/\/langueetcom.fr\/#logo\"}},{\"@type\":\"WebSite\",\"@id\":\"https:\/\/langueetcom.fr\/#website\",\"url\":\"https:\/\/langueetcom.fr\/\",\"name\":\"Langue et Communication\",\"description\":\"Centre de formation pour un apprentissage du fran\\u00e7aisriche de sens\",\"publisher\":{\"@id\":\"https:\/\/langueetcom.fr\/#organization\"},\"potentialAction\":[{\"@type\":\"SearchAction\",\"target\":\"https:\/\/langueetcom.fr\/?s={search_term_string}\",\"query-input\":\"required name=search_term_string\"}],\"inLanguage\":\"fr-FR\"},{\"@type\":\"ImageObject\",\"@id\":\"https:\/\/langueetcom.fr\/a-destination-des-apprenant-es\/obtention-du-label-qualite-fle-et-certification-qualiopi\/#primaryimage\",\"inLanguage\":\"fr-FR\",\"url\":\"https:\/\/langueetcom.fr\/wp-content\/uploads\/Label_FLE_RF_qualiopi-002.png\",\"contentUrl\":\"https:\/\/langueetcom.fr\/wp-content\/uploads\/Label_FLE_RF_qualiopi-002.png\",\"width\":556,\"height\":336,\"caption\":\"label qualit\\u00e9 FLE\"},{\"@type\":\"WebPage\",\"@id\":\"https:\/\/langueetcom.fr\/a-destination-des-apprenant-es\/obtention-du-label-qualite-fle-et-certification-qualiopi\/#webpage\",\"url\":\"https:\/\/langueetcom.fr\/a-destination-des-apprenant-es\/obtention-du-label-qualite-fle-et-certification-qualiopi\/\",\"name\":\"Obtention de la double labellisation Qualit\\u00e9 FLE\/Qualiopi ! | Langue et Communication\",\"isPartOf\":{\"@id\":\"https:\/\/langueetcom.fr\/#website\"},\"primaryImageOfPage\":{\"@id\":\"https:\/\/langueetcom.fr\/a-destination-des-apprenant-es\/obtention-du-label-qualite-fle-et-certification-qualiopi\/#primaryimage\"},\"datePublished\":\"2021-03-12T13:00:22+00:00\",\"dateModified\":\"2022-12-21T22:59:39+00:00\",\"breadcrumb\":{\"@id\":\"https:\/\/langueetcom.fr\/a-destination-des-apprenant-es\/obtention-du-label-qualite-fle-et-certification-qualiopi\/#breadcrumb\"},\"inLanguage\":\"fr-FR\",\"potentialAction\":[{\"@type\":\"ReadAction\",\"target\":[\"https:\/\/langueetcom.fr\/a-destination-des-apprenant-es\/obtention-du-label-qualite-fle-et-certification-qualiopi\/\"]}]},{\"@type\":\"BreadcrumbList\",\"@id\":\"https:\/\/langueetcom.fr\/a-destination-des-apprenant-es\/obtention-du-label-qualite-fle-et-certification-qualiopi\/#breadcrumb\",\"itemListElement\":[{\"@type\":\"ListItem\",\"position\":1,\"item\":{\"@type\":\"WebPage\",\"@id\":\"https:\/\/langueetcom.fr\/\",\"url\":\"https:\/\/langueetcom.fr\/\",\"name\":\"Accueil\"}},{\"@type\":\"ListItem\",\"position\":2,\"item\":{\"@id\":\"https:\/\/langueetcom.fr\/a-destination-des-apprenant-es\/obtention-du-label-qualite-fle-et-certification-qualiopi\/#webpage\"}}]},{\"@type\":\"Article\",\"@id\":\"https:\/\/langueetcom.fr\/a-destination-des-apprenant-es\/obtention-du-label-qualite-fle-et-certification-qualiopi\/#article\",\"isPartOf\":{\"@id\":\"https:\/\/langueetcom.fr\/a-destination-des-apprenant-es\/obtention-du-label-qualite-fle-et-certification-qualiopi\/#webpage\"},\"author\":{\"@id\":\"https:\/\/langueetcom.fr\/#\/schema\/person\/ada572429d1f12730e422c91897d94ac\"},\"headline\":\"Obtention de la double labellisation Qualit\\u00e9 FLE\/Qualiopi !\",\"datePublished\":\"2021-03-12T13:00:22+00:00\",\"dateModified\":\"2022-12-21T22:59:39+00:00\",\"mainEntityOfPage\":{\"@id\":\"https:\/\/langueetcom.fr\/a-destination-des-apprenant-es\/obtention-du-label-qualite-fle-et-certification-qualiopi\/#webpage\"},\"wordCount\":218,\"publisher\":{\"@id\":\"https:\/\/langueetcom.fr\/#organization\"},\"image\":{\"@id\":\"https:\/\/langueetcom.fr\/a-destination-des-apprenant-es\/obtention-du-label-qualite-fle-et-certification-qualiopi\/#primaryimage\"},\"thumbnailUrl\":\"https:\/\/langueetcom.fr\/wp-content\/uploads\/Label_FLE_RF_qualiopi-002.png\",\"keywords\":[\"Apprendre le fran\\u00e7ais\",\"Cours de fran\\u00e7ais\",\"Fran\\u00e7ais Langue Etrang\\u00e8re\",\"Label qualit\\u00e9 FLE\",\"Qualiopi\",\"Rennes\"],\"articleSection\":[\"A destination des apprenant.es\",\"A destination des b\\u00e9n\\u00e9voles\",\"Tout public\"],\"inLanguage\":\"fr-FR\"},{\"@type\":\"Person\",\"@id\":\"https:\/\/langueetcom.fr\/#\/schema\/person\/ada572429d1f12730e422c91897d94ac\",\"name\":\"Aurelie\",\"image\":{\"@type\":\"ImageObject\",\"@id\":\"https:\/\/langueetcom.fr\/#personlogo\",\"inLanguage\":\"fr-FR\",\"url\":\"https:\/\/secure.gravatar.com\/avatar\/b84ced81c4956fe520a95c73139ff071?s=96&d=retro&r=g\",\"contentUrl\":\"https:\/\/secure.gravatar.com\/avatar\/b84ced81c4956fe520a95c73139ff071?s=96&d=retro&r=g\",\"caption\":\"Aurelie\"},\"url\":\"https:\/\/langueetcom.fr\/author\/aurelie\/\"}]}<\/script>\n<!-- \/ Yoast SEO plugin. -->","_links":{"self":[{"href":"https:\/\/langueetcom.fr\/api\/wp\/v2\/posts\/2535"}],"collection":[{"href":"https:\/\/langueetcom.fr\/api\/wp\/v2\/posts"}],"about":[{"href":"https:\/\/langueetcom.fr\/api\/wp\/v2\/types\/post"}],"author":[{"embeddable":true,"href":"https:\/\/langueetcom.fr\/api\/wp\/v2\/users\/2"}],"replies":[{"embeddable":true,"href":"https:\/\/langueetcom.fr\/api\/wp\/v2\/comments?post=2535"}],"version-history":[{"count":9,"href":"https:\/\/langueetcom.fr\/api\/wp\/v2\/posts\/2535\/revisions"}],"predecessor-version":[{"id":17075,"href":"https:\/\/langueetcom.fr\/api\/wp\/v2\/posts\/2535\/revisions\/17075"}],"wp:featuredmedia":[{"embeddable":true,"href":"https:\/\/langueetcom.fr\/api\/wp\/v2\/media\/17072"}],"wp:attachment":[{"href":"https:\/\/langueetcom.fr\/api\/wp\/v2\/media?parent=2535"}],"wp:term":[{"taxonomy":"category","embeddable":true,"href":"https:\/\/langueetcom.fr\/api\/wp\/v2\/categories?post=2535"},{"taxonomy":"post_tag","embeddable":true,"href":"https:\/\/langueetcom.fr\/api\/wp\/v2\/tags?post=2535"},{"taxonomy":"post_series","embeddable":true,"href":"https:\/\/langueetcom.fr\/api\/wp\/v2\/post_series?post=2535"}],"curies":[{"name":"wp","href":"https:\/\/api.w.org\/{rel}","templated":true}]}}