{"id":2729,"date":"2020-10-02T21:02:00","date_gmt":"2020-10-02T19:02:00","guid":{"rendered":"https:\/\/langueetcom.fr\/?p=2729"},"modified":"2021-01-28T21:11:52","modified_gmt":"2021-01-28T20:11:52","slug":"webinaire-pour-benevoles-2-utiliser-les-visuels-en-atelier-de-francais-_-lundi-19-octobre","status":"publish","type":"post","link":"https:\/\/langueetcom.fr\/a-destination-des-benevoles\/webinaire-pour-benevoles-2-utiliser-les-visuels-en-atelier-de-francais-_-lundi-19-octobre\/","title":{"rendered":"Webinaire pour b\u00e9n\u00e9voles #2 : Utiliser les visuels en atelier de fran\u00e7ais _ lundi 19 octobre"},"content":{"rendered":"<h1 style=\"text-align: center;\">Lundi 19 octobre<\/h1>\n<h2 style=\"text-align: center;\">16h30 &#8211; 18h00<\/h2>\n<h4 style=\"text-align: center;\">Webinaire \u00e0 destination des b\u00e9n\u00e9voles<\/h4>\n<h1 style=\"text-align: center;\">Utiliser les visuels en atelier de fran\u00e7ais<\/h1>\n<h4 style=\"text-align: center;\">Via Zoom<\/h4>\n<h1><img loading=\"lazy\" class=\"alignnone  wp-image-2730 aligncenter\" src=\"https:\/\/langueetcom.fr\/wp-content\/uploads\/2021\/01\/Webinaire-Utiliser-un-visuel-en-atelier-de-francais-002-300x169.png\" alt=\"webinaire FLE\" width=\"465\" height=\"262\" srcset=\"https:\/\/langueetcom.fr\/wp-content\/uploads\/2021\/01\/Webinaire-Utiliser-un-visuel-en-atelier-de-francais-002-300x169.png 300w, https:\/\/langueetcom.fr\/wp-content\/uploads\/2021\/01\/Webinaire-Utiliser-un-visuel-en-atelier-de-francais-002-768x433.png 768w, https:\/\/langueetcom.fr\/wp-content\/uploads\/2021\/01\/Webinaire-Utiliser-un-visuel-en-atelier-de-francais-002.png 818w\" sizes=\"(max-width: 465px) 100vw, 465px\" \/><\/h1>\n","protected":false},"excerpt":{"rendered":"<p>Lundi 19 octobre 16h30 &#8211; 18h00 Webinaire \u00e0 destination des b\u00e9n\u00e9voles Utiliser les visuels en atelier de fran\u00e7ais Via Zoom<\/p>\n","protected":false},"author":2,"featured_media":2566,"comment_status":"closed","ping_status":"open","sticky":false,"template":"","format":"standard","meta":{"_EventAllDay":false,"_EventTimezone":"","_EventStartDate":"","_EventEndDate":"","_EventStartDateUTC":"","_EventEndDateUTC":"","_EventShowMap":false,"_EventShowMapLink":false,"_EventURL":"","_EventCost":"","_EventCostDescription":"","_EventCurrencySymbol":"","_EventCurrencyPosition":"","_EventDateTimeSeparator":"","_EventTimeRangeSeparator":"","_EventOrganizerID":[],"_EventVenueID":0,"_OrganizerEmail":"","_OrganizerPhone":"","_OrganizerWebsite":"","_VenueAddress":"","_VenueCity":"","_VenueCountry":"","_VenueProvince":"","_VenueZip":"","_VenuePhone":"","_VenueURL":"","_VenueStateProvince":"","_VenueLat":"","_VenueLng":""},"categories":[21,17],"tags":[],"post_series":[],"yoast_head":"<!-- This site is optimized with the Yoast SEO plugin v16.4 - https:\/\/yoast.com\/wordpress\/plugins\/seo\/ -->\n<title>Webinaire pour b\u00e9n\u00e9voles #2 : Utiliser les visuels en atelier de fran\u00e7ais _ lundi 19 octobre | Langue et Communication<\/title>\n<meta name=\"robots\" content=\"index, follow, max-snippet:-1, max-image-preview:large, max-video-preview:-1\" \/>\n<link rel=\"canonical\" href=\"https:\/\/langueetcom.fr\/a-destination-des-benevoles\/webinaire-pour-benevoles-2-utiliser-les-visuels-en-atelier-de-francais-_-lundi-19-octobre\/\" \/>\n<meta property=\"og:locale\" content=\"fr_FR\" \/>\n<meta property=\"og:type\" content=\"article\" \/>\n<meta property=\"og:title\" content=\"Webinaire pour b\u00e9n\u00e9voles #2 : Utiliser les visuels en atelier de fran\u00e7ais _ lundi 19 octobre | Langue et Communication\" \/>\n<meta property=\"og:description\" content=\"Lundi 19 octobre 16h30 &#8211; 18h00 Webinaire \u00e0 destination des b\u00e9n\u00e9voles Utiliser les visuels en atelier de fran\u00e7ais Via Zoom\" \/>\n<meta property=\"og:url\" content=\"https:\/\/langueetcom.fr\/a-destination-des-benevoles\/webinaire-pour-benevoles-2-utiliser-les-visuels-en-atelier-de-francais-_-lundi-19-octobre\/\" \/>\n<meta property=\"og:site_name\" content=\"Langue et Communication\" \/>\n<meta property=\"article:published_time\" content=\"2020-10-02T19:02:00+00:00\" \/>\n<meta property=\"article:modified_time\" content=\"2021-01-28T20:11:52+00:00\" \/>\n<meta property=\"og:image\" content=\"https:\/\/langueetcom.fr\/wp-content\/uploads\/2021\/01\/video-conference-5167472_960_720-002.jpg\" \/>\n\t<meta property=\"og:image:width\" content=\"960\" \/>\n\t<meta property=\"og:image:height\" content=\"576\" \/>\n<meta name=\"twitter:card\" content=\"summary_large_image\" \/>\n<script type=\"application\/ld+json\" class=\"yoast-schema-graph\">{\"@context\":\"https:\/\/schema.org\",\"@graph\":[{\"@type\":\"Organization\",\"@id\":\"https:\/\/langueetcom.fr\/#organization\",\"name\":\"Langue et Communication\",\"url\":\"https:\/\/langueetcom.fr\/\",\"sameAs\":[],\"logo\":{\"@type\":\"ImageObject\",\"@id\":\"https:\/\/langueetcom.fr\/#logo\",\"inLanguage\":\"fr-FR\",\"url\":\"https:\/\/langueetcom.fr\/wp-content\/uploads\/2020\/12\/langueetcom-logo-typoseule-004.png\",\"contentUrl\":\"https:\/\/langueetcom.fr\/wp-content\/uploads\/2020\/12\/langueetcom-logo-typoseule-004.png\",\"width\":909,\"height\":268,\"caption\":\"Langue et Communication\"},\"image\":{\"@id\":\"https:\/\/langueetcom.fr\/#logo\"}},{\"@type\":\"WebSite\",\"@id\":\"https:\/\/langueetcom.fr\/#website\",\"url\":\"https:\/\/langueetcom.fr\/\",\"name\":\"Langue et Communication\",\"description\":\"Centre de formation pour un apprentissage du fran\\u00e7aisriche de sens\",\"publisher\":{\"@id\":\"https:\/\/langueetcom.fr\/#organization\"},\"potentialAction\":[{\"@type\":\"SearchAction\",\"target\":\"https:\/\/langueetcom.fr\/?s={search_term_string}\",\"query-input\":\"required name=search_term_string\"}],\"inLanguage\":\"fr-FR\"},{\"@type\":\"ImageObject\",\"@id\":\"https:\/\/langueetcom.fr\/a-destination-des-benevoles\/webinaire-pour-benevoles-2-utiliser-les-visuels-en-atelier-de-francais-_-lundi-19-octobre\/#primaryimage\",\"inLanguage\":\"fr-FR\",\"url\":\"https:\/\/langueetcom.fr\/wp-content\/uploads\/2021\/01\/video-conference-5167472_960_720-002.jpg\",\"contentUrl\":\"https:\/\/langueetcom.fr\/wp-content\/uploads\/2021\/01\/video-conference-5167472_960_720-002.jpg\",\"width\":960,\"height\":576,\"caption\":\"cours de fran\\u00e7ais Rennes\"},{\"@type\":\"WebPage\",\"@id\":\"https:\/\/langueetcom.fr\/a-destination-des-benevoles\/webinaire-pour-benevoles-2-utiliser-les-visuels-en-atelier-de-francais-_-lundi-19-octobre\/#webpage\",\"url\":\"https:\/\/langueetcom.fr\/a-destination-des-benevoles\/webinaire-pour-benevoles-2-utiliser-les-visuels-en-atelier-de-francais-_-lundi-19-octobre\/\",\"name\":\"Webinaire pour b\\u00e9n\\u00e9voles #2 : Utiliser les visuels en atelier de fran\\u00e7ais _ lundi 19 octobre | Langue et Communication\",\"isPartOf\":{\"@id\":\"https:\/\/langueetcom.fr\/#website\"},\"primaryImageOfPage\":{\"@id\":\"https:\/\/langueetcom.fr\/a-destination-des-benevoles\/webinaire-pour-benevoles-2-utiliser-les-visuels-en-atelier-de-francais-_-lundi-19-octobre\/#primaryimage\"},\"datePublished\":\"2020-10-02T19:02:00+00:00\",\"dateModified\":\"2021-01-28T20:11:52+00:00\",\"breadcrumb\":{\"@id\":\"https:\/\/langueetcom.fr\/a-destination-des-benevoles\/webinaire-pour-benevoles-2-utiliser-les-visuels-en-atelier-de-francais-_-lundi-19-octobre\/#breadcrumb\"},\"inLanguage\":\"fr-FR\",\"potentialAction\":[{\"@type\":\"ReadAction\",\"target\":[\"https:\/\/langueetcom.fr\/a-destination-des-benevoles\/webinaire-pour-benevoles-2-utiliser-les-visuels-en-atelier-de-francais-_-lundi-19-octobre\/\"]}]},{\"@type\":\"BreadcrumbList\",\"@id\":\"https:\/\/langueetcom.fr\/a-destination-des-benevoles\/webinaire-pour-benevoles-2-utiliser-les-visuels-en-atelier-de-francais-_-lundi-19-octobre\/#breadcrumb\",\"itemListElement\":[{\"@type\":\"ListItem\",\"position\":1,\"item\":{\"@type\":\"WebPage\",\"@id\":\"https:\/\/langueetcom.fr\/\",\"url\":\"https:\/\/langueetcom.fr\/\",\"name\":\"Accueil\"}},{\"@type\":\"ListItem\",\"position\":2,\"item\":{\"@id\":\"https:\/\/langueetcom.fr\/a-destination-des-benevoles\/webinaire-pour-benevoles-2-utiliser-les-visuels-en-atelier-de-francais-_-lundi-19-octobre\/#webpage\"}}]},{\"@type\":\"Article\",\"@id\":\"https:\/\/langueetcom.fr\/a-destination-des-benevoles\/webinaire-pour-benevoles-2-utiliser-les-visuels-en-atelier-de-francais-_-lundi-19-octobre\/#article\",\"isPartOf\":{\"@id\":\"https:\/\/langueetcom.fr\/a-destination-des-benevoles\/webinaire-pour-benevoles-2-utiliser-les-visuels-en-atelier-de-francais-_-lundi-19-octobre\/#webpage\"},\"author\":{\"@id\":\"https:\/\/langueetcom.fr\/#\/schema\/person\/ada572429d1f12730e422c91897d94ac\"},\"headline\":\"Webinaire pour b\\u00e9n\\u00e9voles #2 : Utiliser les visuels en atelier de fran\\u00e7ais _ lundi 19 octobre\",\"datePublished\":\"2020-10-02T19:02:00+00:00\",\"dateModified\":\"2021-01-28T20:11:52+00:00\",\"mainEntityOfPage\":{\"@id\":\"https:\/\/langueetcom.fr\/a-destination-des-benevoles\/webinaire-pour-benevoles-2-utiliser-les-visuels-en-atelier-de-francais-_-lundi-19-octobre\/#webpage\"},\"wordCount\":36,\"publisher\":{\"@id\":\"https:\/\/langueetcom.fr\/#organization\"},\"image\":{\"@id\":\"https:\/\/langueetcom.fr\/a-destination-des-benevoles\/webinaire-pour-benevoles-2-utiliser-les-visuels-en-atelier-de-francais-_-lundi-19-octobre\/#primaryimage\"},\"thumbnailUrl\":\"https:\/\/langueetcom.fr\/wp-content\/uploads\/2021\/01\/video-conference-5167472_960_720-002.jpg\",\"articleSection\":[\"A destination des b\\u00e9n\\u00e9voles\",\"Tout public\"],\"inLanguage\":\"fr-FR\"},{\"@type\":\"Person\",\"@id\":\"https:\/\/langueetcom.fr\/#\/schema\/person\/ada572429d1f12730e422c91897d94ac\",\"name\":\"Aurelie\",\"image\":{\"@type\":\"ImageObject\",\"@id\":\"https:\/\/langueetcom.fr\/#personlogo\",\"inLanguage\":\"fr-FR\",\"url\":\"https:\/\/secure.gravatar.com\/avatar\/b84ced81c4956fe520a95c73139ff071?s=96&d=retro&r=g\",\"contentUrl\":\"https:\/\/secure.gravatar.com\/avatar\/b84ced81c4956fe520a95c73139ff071?s=96&d=retro&r=g\",\"caption\":\"Aurelie\"},\"url\":\"https:\/\/langueetcom.fr\/author\/aurelie\/\"}]}<\/script>\n<!-- \/ Yoast SEO plugin. -->","_links":{"self":[{"href":"https:\/\/langueetcom.fr\/api\/wp\/v2\/posts\/2729"}],"collection":[{"href":"https:\/\/langueetcom.fr\/api\/wp\/v2\/posts"}],"about":[{"href":"https:\/\/langueetcom.fr\/api\/wp\/v2\/types\/post"}],"author":[{"embeddable":true,"href":"https:\/\/langueetcom.fr\/api\/wp\/v2\/users\/2"}],"replies":[{"embeddable":true,"href":"https:\/\/langueetcom.fr\/api\/wp\/v2\/comments?post=2729"}],"version-history":[{"count":2,"href":"https:\/\/langueetcom.fr\/api\/wp\/v2\/posts\/2729\/revisions"}],"predecessor-version":[{"id":2737,"href":"https:\/\/langueetcom.fr\/api\/wp\/v2\/posts\/2729\/revisions\/2737"}],"wp:featuredmedia":[{"embeddable":true,"href":"https:\/\/langueetcom.fr\/api\/wp\/v2\/media\/2566"}],"wp:attachment":[{"href":"https:\/\/langueetcom.fr\/api\/wp\/v2\/media?parent=2729"}],"wp:term":[{"taxonomy":"category","embeddable":true,"href":"https:\/\/langueetcom.fr\/api\/wp\/v2\/categories?post=2729"},{"taxonomy":"post_tag","embeddable":true,"href":"https:\/\/langueetcom.fr\/api\/wp\/v2\/tags?post=2729"},{"taxonomy":"post_series","embeddable":true,"href":"https:\/\/langueetcom.fr\/api\/wp\/v2\/post_series?post=2729"}],"curies":[{"name":"wp","href":"https:\/\/api.w.org\/{rel}","templated":true}]}}