{"id":28846,"date":"2023-09-20T09:34:37","date_gmt":"2023-09-20T07:34:37","guid":{"rendered":"https:\/\/langueetcom.fr\/?p=28846"},"modified":"2023-10-20T11:16:35","modified_gmt":"2023-10-20T09:16:35","slug":"prochaine-session-de-cours-fle-a-partir-du-02-octobre","status":"publish","type":"post","link":"https:\/\/langueetcom.fr\/a-destination-des-apprenant-es\/prochaine-session-de-cours-fle-a-partir-du-02-octobre\/","title":{"rendered":"Prochaine session de cours \u00e0 partir du 02 octobre !"},"content":{"rendered":"\n<p class=\"has-text-align-center\">Vous souhaitez d\u00e9velopper ou renforcer vos comp\u00e9tences de compr\u00e9hension et de production orales et \u00e9crites ainsi que vos connaissances de l\u2019environnement social et culturel fran\u00e7ais ?<br><strong>Inscrivez-vous \u00e0 nos cours du 02\/10 au 22\/12\/23 !<\/strong><\/p>\n\n\n\n<p class=\"has-text-align-center\"><br>Vous voulez <strong>progresser rapidement<\/strong> ? &#8211;&gt; Suivez nos <a href=\"https:\/\/langueetcom.fr\/cours\/cours-intensifs\/\" target=\"_blank\" rel=\"noreferrer noopener\">cours intensifs<\/a> !<br>Vous \u00eates <strong>disponible quelques heures par semaine<\/strong> ? &#8211;&gt; Suivez nos <a href=\"https:\/\/langueetcom.fr\/cours\/cours-extensifs\/\" target=\"_blank\" rel=\"noreferrer noopener\">cours extensifs<\/a>, l&rsquo;apr\u00e8s-midi ou le soir !<br>Vous souhaitez un <strong>parcours sur mesure<\/strong> ? &#8211;&gt; Nos <a href=\"https:\/\/langueetcom.fr\/cours\/cours-particuliers\/\" target=\"_blank\" rel=\"noreferrer noopener\">cours particuliers<\/a> r\u00e9pondront \u00e0 vos besoins !<\/p>\n\n\n\n<p class=\"has-text-align-center\">Pour plus d&rsquo;informations, <strong>n&rsquo;h\u00e9sitez pas \u00e0 nous contacter<\/strong> par <a href=\"mailto:contact@langueetcom.fr\" target=\"_blank\" rel=\"noreferrer noopener\">mail<\/a> ou par t\u00e9l\u00e9phone au 02 99 38 12 55 !<br><strong>Chlo\u00e9 <\/strong>se fera un plaisir de vous r\u00e9pondre !<\/p>\n","protected":false},"excerpt":{"rendered":"<p>Vous souhaitez d\u00e9velopper ou renforcer vos comp\u00e9tences de compr\u00e9hension et de production orales et \u00e9crites ainsi que vos connaissances de l\u2019environnement social et culturel fran\u00e7ais ?Inscrivez-vous \u00e0 nos cours du 02\/10 au 22\/12\/23 ! Vous voulez progresser rapidement ? &#8211;&gt;&hellip;<\/p>\n","protected":false},"author":3,"featured_media":280,"comment_status":"closed","ping_status":"open","sticky":false,"template":"","format":"standard","meta":{"_EventAllDay":false,"_EventTimezone":"","_EventStartDate":"","_EventEndDate":"","_EventStartDateUTC":"","_EventEndDateUTC":"","_EventShowMap":false,"_EventShowMapLink":false,"_EventURL":"","_EventCost":"","_EventCostDescription":"","_EventCurrencySymbol":"","_EventCurrencyPosition":"","_EventDateTimeSeparator":"","_EventTimeRangeSeparator":"","_EventOrganizerID":[],"_EventVenueID":0,"_OrganizerEmail":"","_OrganizerPhone":"","_OrganizerWebsite":"","_VenueAddress":"","_VenueCity":"","_VenueCountry":"","_VenueProvince":"","_VenueZip":"","_VenuePhone":"","_VenueURL":"","_VenueStateProvince":"","_VenueLat":"","_VenueLng":""},"categories":[19,17],"tags":[],"post_series":[],"yoast_head":"<!-- This site is optimized with the Yoast SEO plugin v16.4 - https:\/\/yoast.com\/wordpress\/plugins\/seo\/ -->\n<title>Prochaine session de cours \u00e0 partir du 02 octobre ! | Langue et Communication<\/title>\n<meta name=\"robots\" content=\"index, follow, max-snippet:-1, max-image-preview:large, max-video-preview:-1\" \/>\n<link rel=\"canonical\" href=\"https:\/\/langueetcom.fr\/a-destination-des-apprenant-es\/prochaine-session-de-cours-fle-a-partir-du-02-octobre\/\" \/>\n<meta property=\"og:locale\" content=\"fr_FR\" \/>\n<meta property=\"og:type\" content=\"article\" \/>\n<meta property=\"og:title\" content=\"Prochaine session de cours \u00e0 partir du 02 octobre ! | Langue et Communication\" \/>\n<meta property=\"og:description\" content=\"Vous souhaitez d\u00e9velopper ou renforcer vos comp\u00e9tences de compr\u00e9hension et de production orales et \u00e9crites ainsi que vos connaissances de l\u2019environnement social et culturel fran\u00e7ais ?Inscrivez-vous \u00e0 nos cours du 02\/10 au 22\/12\/23 ! Vous voulez progresser rapidement ? &#8211;&gt;&hellip;\" \/>\n<meta property=\"og:url\" content=\"https:\/\/langueetcom.fr\/a-destination-des-apprenant-es\/prochaine-session-de-cours-fle-a-partir-du-02-octobre\/\" \/>\n<meta property=\"og:site_name\" content=\"Langue et Communication\" \/>\n<meta property=\"article:published_time\" content=\"2023-09-20T07:34:37+00:00\" \/>\n<meta property=\"article:modified_time\" content=\"2023-10-20T09:16:35+00:00\" \/>\n<meta property=\"og:image\" content=\"https:\/\/langueetcom.fr\/wp-content\/uploads\/2020\/01\/CCAS_ACE_55.jpg\" \/>\n\t<meta property=\"og:image:width\" content=\"1280\" \/>\n\t<meta property=\"og:image:height\" content=\"853\" \/>\n<meta name=\"twitter:card\" content=\"summary_large_image\" \/>\n<meta name=\"twitter:label1\" content=\"Dur\u00e9e de lecture est.\" \/>\n\t<meta name=\"twitter:data1\" content=\"1 minute\" \/>\n<script type=\"application\/ld+json\" class=\"yoast-schema-graph\">{\"@context\":\"https:\/\/schema.org\",\"@graph\":[{\"@type\":\"Organization\",\"@id\":\"https:\/\/langueetcom.fr\/#organization\",\"name\":\"Langue et Communication\",\"url\":\"https:\/\/langueetcom.fr\/\",\"sameAs\":[],\"logo\":{\"@type\":\"ImageObject\",\"@id\":\"https:\/\/langueetcom.fr\/#logo\",\"inLanguage\":\"fr-FR\",\"url\":\"https:\/\/langueetcom.fr\/wp-content\/uploads\/2020\/12\/langueetcom-logo-typoseule-004.png\",\"contentUrl\":\"https:\/\/langueetcom.fr\/wp-content\/uploads\/2020\/12\/langueetcom-logo-typoseule-004.png\",\"width\":909,\"height\":268,\"caption\":\"Langue et Communication\"},\"image\":{\"@id\":\"https:\/\/langueetcom.fr\/#logo\"}},{\"@type\":\"WebSite\",\"@id\":\"https:\/\/langueetcom.fr\/#website\",\"url\":\"https:\/\/langueetcom.fr\/\",\"name\":\"Langue et Communication\",\"description\":\"Centre de formation pour un apprentissage du fran\\u00e7aisriche de sens\",\"publisher\":{\"@id\":\"https:\/\/langueetcom.fr\/#organization\"},\"potentialAction\":[{\"@type\":\"SearchAction\",\"target\":\"https:\/\/langueetcom.fr\/?s={search_term_string}\",\"query-input\":\"required name=search_term_string\"}],\"inLanguage\":\"fr-FR\"},{\"@type\":\"ImageObject\",\"@id\":\"https:\/\/langueetcom.fr\/a-destination-des-apprenant-es\/prochaine-session-de-cours-fle-a-partir-du-02-octobre\/#primaryimage\",\"inLanguage\":\"fr-FR\",\"url\":\"https:\/\/langueetcom.fr\/wp-content\/uploads\/2020\/01\/CCAS_ACE_55.jpg\",\"contentUrl\":\"https:\/\/langueetcom.fr\/wp-content\/uploads\/2020\/01\/CCAS_ACE_55.jpg\",\"width\":1280,\"height\":853,\"caption\":\"\\u00a9 A-C. Est\\u00e8ve\"},{\"@type\":\"WebPage\",\"@id\":\"https:\/\/langueetcom.fr\/a-destination-des-apprenant-es\/prochaine-session-de-cours-fle-a-partir-du-02-octobre\/#webpage\",\"url\":\"https:\/\/langueetcom.fr\/a-destination-des-apprenant-es\/prochaine-session-de-cours-fle-a-partir-du-02-octobre\/\",\"name\":\"Prochaine session de cours \\u00e0 partir du 02 octobre ! | Langue et Communication\",\"isPartOf\":{\"@id\":\"https:\/\/langueetcom.fr\/#website\"},\"primaryImageOfPage\":{\"@id\":\"https:\/\/langueetcom.fr\/a-destination-des-apprenant-es\/prochaine-session-de-cours-fle-a-partir-du-02-octobre\/#primaryimage\"},\"datePublished\":\"2023-09-20T07:34:37+00:00\",\"dateModified\":\"2023-10-20T09:16:35+00:00\",\"breadcrumb\":{\"@id\":\"https:\/\/langueetcom.fr\/a-destination-des-apprenant-es\/prochaine-session-de-cours-fle-a-partir-du-02-octobre\/#breadcrumb\"},\"inLanguage\":\"fr-FR\",\"potentialAction\":[{\"@type\":\"ReadAction\",\"target\":[\"https:\/\/langueetcom.fr\/a-destination-des-apprenant-es\/prochaine-session-de-cours-fle-a-partir-du-02-octobre\/\"]}]},{\"@type\":\"BreadcrumbList\",\"@id\":\"https:\/\/langueetcom.fr\/a-destination-des-apprenant-es\/prochaine-session-de-cours-fle-a-partir-du-02-octobre\/#breadcrumb\",\"itemListElement\":[{\"@type\":\"ListItem\",\"position\":1,\"item\":{\"@type\":\"WebPage\",\"@id\":\"https:\/\/langueetcom.fr\/\",\"url\":\"https:\/\/langueetcom.fr\/\",\"name\":\"Accueil\"}},{\"@type\":\"ListItem\",\"position\":2,\"item\":{\"@id\":\"https:\/\/langueetcom.fr\/a-destination-des-apprenant-es\/prochaine-session-de-cours-fle-a-partir-du-02-octobre\/#webpage\"}}]},{\"@type\":\"Article\",\"@id\":\"https:\/\/langueetcom.fr\/a-destination-des-apprenant-es\/prochaine-session-de-cours-fle-a-partir-du-02-octobre\/#article\",\"isPartOf\":{\"@id\":\"https:\/\/langueetcom.fr\/a-destination-des-apprenant-es\/prochaine-session-de-cours-fle-a-partir-du-02-octobre\/#webpage\"},\"author\":{\"@id\":\"https:\/\/langueetcom.fr\/#\/schema\/person\/77ff4dbf4171bb490868f69f0af87d63\"},\"headline\":\"Prochaine session de cours \\u00e0 partir du 02 octobre !\",\"datePublished\":\"2023-09-20T07:34:37+00:00\",\"dateModified\":\"2023-10-20T09:16:35+00:00\",\"mainEntityOfPage\":{\"@id\":\"https:\/\/langueetcom.fr\/a-destination-des-apprenant-es\/prochaine-session-de-cours-fle-a-partir-du-02-octobre\/#webpage\"},\"wordCount\":110,\"publisher\":{\"@id\":\"https:\/\/langueetcom.fr\/#organization\"},\"image\":{\"@id\":\"https:\/\/langueetcom.fr\/a-destination-des-apprenant-es\/prochaine-session-de-cours-fle-a-partir-du-02-octobre\/#primaryimage\"},\"thumbnailUrl\":\"https:\/\/langueetcom.fr\/wp-content\/uploads\/2020\/01\/CCAS_ACE_55.jpg\",\"articleSection\":[\"A destination des apprenant.es\",\"Tout public\"],\"inLanguage\":\"fr-FR\"},{\"@type\":\"Person\",\"@id\":\"https:\/\/langueetcom.fr\/#\/schema\/person\/77ff4dbf4171bb490868f69f0af87d63\",\"name\":\"Marie\",\"image\":{\"@type\":\"ImageObject\",\"@id\":\"https:\/\/langueetcom.fr\/#personlogo\",\"inLanguage\":\"fr-FR\",\"url\":\"https:\/\/secure.gravatar.com\/avatar\/38a314ca27ccd5b8482fdee5b6e000ee?s=96&d=retro&r=g\",\"contentUrl\":\"https:\/\/secure.gravatar.com\/avatar\/38a314ca27ccd5b8482fdee5b6e000ee?s=96&d=retro&r=g\",\"caption\":\"Marie\"},\"url\":\"https:\/\/langueetcom.fr\/author\/marie\/\"}]}<\/script>\n<!-- \/ Yoast SEO plugin. -->","_links":{"self":[{"href":"https:\/\/langueetcom.fr\/api\/wp\/v2\/posts\/28846"}],"collection":[{"href":"https:\/\/langueetcom.fr\/api\/wp\/v2\/posts"}],"about":[{"href":"https:\/\/langueetcom.fr\/api\/wp\/v2\/types\/post"}],"author":[{"embeddable":true,"href":"https:\/\/langueetcom.fr\/api\/wp\/v2\/users\/3"}],"replies":[{"embeddable":true,"href":"https:\/\/langueetcom.fr\/api\/wp\/v2\/comments?post=28846"}],"version-history":[{"count":3,"href":"https:\/\/langueetcom.fr\/api\/wp\/v2\/posts\/28846\/revisions"}],"predecessor-version":[{"id":29163,"href":"https:\/\/langueetcom.fr\/api\/wp\/v2\/posts\/28846\/revisions\/29163"}],"wp:featuredmedia":[{"embeddable":true,"href":"https:\/\/langueetcom.fr\/api\/wp\/v2\/media\/280"}],"wp:attachment":[{"href":"https:\/\/langueetcom.fr\/api\/wp\/v2\/media?parent=28846"}],"wp:term":[{"taxonomy":"category","embeddable":true,"href":"https:\/\/langueetcom.fr\/api\/wp\/v2\/categories?post=28846"},{"taxonomy":"post_tag","embeddable":true,"href":"https:\/\/langueetcom.fr\/api\/wp\/v2\/tags?post=28846"},{"taxonomy":"post_series","embeddable":true,"href":"https:\/\/langueetcom.fr\/api\/wp\/v2\/post_series?post=28846"}],"curies":[{"name":"wp","href":"https:\/\/api.w.org\/{rel}","templated":true}]}}