{"id":34298,"date":"2024-09-27T10:18:37","date_gmt":"2024-09-27T08:18:37","guid":{"rendered":"https:\/\/langueetcom.fr\/?p=34298"},"modified":"2025-03-13T14:41:17","modified_gmt":"2025-03-13T13:41:17","slug":"nouveaux-horaires-langue-et-communication-vous-accueille-aussi-le-vendredi","status":"publish","type":"post","link":"https:\/\/langueetcom.fr\/tout-public\/nouveaux-horaires-langue-et-communication-vous-accueille-aussi-le-vendredi\/","title":{"rendered":"Nouveaux horaires : Langue et Communication \u00e9largit ses plages d&rsquo;accueil !"},"content":{"rendered":"\n<p>A partir du 30 septembre 2024, l&rsquo;accueil de Langue et Communication \u00e9largit ses plages d&rsquo;accueil. Voici les nouveaux horaires de l&rsquo;accueil :<\/p>\n\n\n\n<p>Zina\u00efda vous accueille sur place et au t\u00e9l\u00e9phone les lundis, mardis, jeudis et vendredis de 9h \u00e0 12h30 et de 14h \u00e0 16h45.<\/p>\n\n\n\n<p>L&rsquo;accueil est ferm\u00e9 le mercredi toute la journ\u00e9e.<\/p>\n\n\n\n<p>A bient\u00f4t \u00e0 Langue et Communication !<\/p>\n","protected":false},"excerpt":{"rendered":"<p>A partir du 30 septembre 2024, l&rsquo;accueil de Langue et Communication \u00e9largit ses plages d&rsquo;accueil. Voici les nouveaux horaires de l&rsquo;accueil : Zina\u00efda vous accueille sur place et au t\u00e9l\u00e9phone les lundis, mardis, jeudis et vendredis de 9h \u00e0 12h30&hellip;<\/p>\n","protected":false},"author":9,"featured_media":22785,"comment_status":"closed","ping_status":"open","sticky":false,"template":"","format":"standard","meta":{"_EventAllDay":false,"_EventTimezone":"","_EventStartDate":"","_EventEndDate":"","_EventStartDateUTC":"","_EventEndDateUTC":"","_EventShowMap":false,"_EventShowMapLink":false,"_EventURL":"","_EventCost":"","_EventCostDescription":"","_EventCurrencySymbol":"","_EventCurrencyPosition":"","_EventDateTimeSeparator":"","_EventTimeRangeSeparator":"","_EventOrganizerID":[],"_EventVenueID":0,"_OrganizerEmail":"","_OrganizerPhone":"","_OrganizerWebsite":"","_VenueAddress":"","_VenueCity":"","_VenueCountry":"","_VenueProvince":"","_VenueZip":"","_VenuePhone":"","_VenueURL":"","_VenueStateProvince":"","_VenueLat":"","_VenueLng":""},"categories":[17],"tags":[],"post_series":[],"yoast_head":"<!-- This site is optimized with the Yoast SEO plugin v16.4 - https:\/\/yoast.com\/wordpress\/plugins\/seo\/ -->\n<title>Nouveaux horaires : Langue et Communication \u00e9largit ses plages d&#039;accueil ! | Langue et Communication<\/title>\n<meta name=\"robots\" content=\"index, follow, max-snippet:-1, max-image-preview:large, max-video-preview:-1\" \/>\n<link rel=\"canonical\" href=\"https:\/\/langueetcom.fr\/tout-public\/nouveaux-horaires-langue-et-communication-vous-accueille-aussi-le-vendredi\/\" \/>\n<meta property=\"og:locale\" content=\"fr_FR\" \/>\n<meta property=\"og:type\" content=\"article\" \/>\n<meta property=\"og:title\" content=\"Nouveaux horaires : Langue et Communication \u00e9largit ses plages d&#039;accueil ! | Langue et Communication\" \/>\n<meta property=\"og:description\" content=\"A partir du 30 septembre 2024, l&rsquo;accueil de Langue et Communication \u00e9largit ses plages d&rsquo;accueil. Voici les nouveaux horaires de l&rsquo;accueil : Zina\u00efda vous accueille sur place et au t\u00e9l\u00e9phone les lundis, mardis, jeudis et vendredis de 9h \u00e0 12h30&hellip;\" \/>\n<meta property=\"og:url\" content=\"https:\/\/langueetcom.fr\/tout-public\/nouveaux-horaires-langue-et-communication-vous-accueille-aussi-le-vendredi\/\" \/>\n<meta property=\"og:site_name\" content=\"Langue et Communication\" \/>\n<meta property=\"article:published_time\" content=\"2024-09-27T08:18:37+00:00\" \/>\n<meta property=\"article:modified_time\" content=\"2025-03-13T13:41:17+00:00\" \/>\n<meta property=\"og:image\" content=\"https:\/\/langueetcom.fr\/wp-content\/uploads\/Qui-sommes-nous-slider.jpg\" \/>\n\t<meta property=\"og:image:width\" content=\"640\" \/>\n\t<meta property=\"og:image:height\" content=\"230\" \/>\n<meta name=\"twitter:card\" content=\"summary_large_image\" \/>\n<meta name=\"twitter:label1\" content=\"Dur\u00e9e de lecture est.\" \/>\n\t<meta name=\"twitter:data1\" content=\"1 minute\" \/>\n<script type=\"application\/ld+json\" class=\"yoast-schema-graph\">{\"@context\":\"https:\/\/schema.org\",\"@graph\":[{\"@type\":\"Organization\",\"@id\":\"https:\/\/langueetcom.fr\/#organization\",\"name\":\"Langue et Communication\",\"url\":\"https:\/\/langueetcom.fr\/\",\"sameAs\":[],\"logo\":{\"@type\":\"ImageObject\",\"@id\":\"https:\/\/langueetcom.fr\/#logo\",\"inLanguage\":\"fr-FR\",\"url\":\"https:\/\/langueetcom.fr\/wp-content\/uploads\/2020\/12\/langueetcom-logo-typoseule-004.png\",\"contentUrl\":\"https:\/\/langueetcom.fr\/wp-content\/uploads\/2020\/12\/langueetcom-logo-typoseule-004.png\",\"width\":909,\"height\":268,\"caption\":\"Langue et Communication\"},\"image\":{\"@id\":\"https:\/\/langueetcom.fr\/#logo\"}},{\"@type\":\"WebSite\",\"@id\":\"https:\/\/langueetcom.fr\/#website\",\"url\":\"https:\/\/langueetcom.fr\/\",\"name\":\"Langue et Communication\",\"description\":\"Centre de formation pour un apprentissage du fran\\u00e7aisriche de sens\",\"publisher\":{\"@id\":\"https:\/\/langueetcom.fr\/#organization\"},\"potentialAction\":[{\"@type\":\"SearchAction\",\"target\":\"https:\/\/langueetcom.fr\/?s={search_term_string}\",\"query-input\":\"required name=search_term_string\"}],\"inLanguage\":\"fr-FR\"},{\"@type\":\"ImageObject\",\"@id\":\"https:\/\/langueetcom.fr\/tout-public\/nouveaux-horaires-langue-et-communication-vous-accueille-aussi-le-vendredi\/#primaryimage\",\"inLanguage\":\"fr-FR\",\"url\":\"https:\/\/langueetcom.fr\/wp-content\/uploads\/Qui-sommes-nous-slider.jpg\",\"contentUrl\":\"https:\/\/langueetcom.fr\/wp-content\/uploads\/Qui-sommes-nous-slider.jpg\",\"width\":640,\"height\":230,\"caption\":\"cours de de fran\\u00e7ais Rennes\"},{\"@type\":\"WebPage\",\"@id\":\"https:\/\/langueetcom.fr\/tout-public\/nouveaux-horaires-langue-et-communication-vous-accueille-aussi-le-vendredi\/#webpage\",\"url\":\"https:\/\/langueetcom.fr\/tout-public\/nouveaux-horaires-langue-et-communication-vous-accueille-aussi-le-vendredi\/\",\"name\":\"Nouveaux horaires : Langue et Communication \\u00e9largit ses plages d'accueil ! | Langue et Communication\",\"isPartOf\":{\"@id\":\"https:\/\/langueetcom.fr\/#website\"},\"primaryImageOfPage\":{\"@id\":\"https:\/\/langueetcom.fr\/tout-public\/nouveaux-horaires-langue-et-communication-vous-accueille-aussi-le-vendredi\/#primaryimage\"},\"datePublished\":\"2024-09-27T08:18:37+00:00\",\"dateModified\":\"2025-03-13T13:41:17+00:00\",\"breadcrumb\":{\"@id\":\"https:\/\/langueetcom.fr\/tout-public\/nouveaux-horaires-langue-et-communication-vous-accueille-aussi-le-vendredi\/#breadcrumb\"},\"inLanguage\":\"fr-FR\",\"potentialAction\":[{\"@type\":\"ReadAction\",\"target\":[\"https:\/\/langueetcom.fr\/tout-public\/nouveaux-horaires-langue-et-communication-vous-accueille-aussi-le-vendredi\/\"]}]},{\"@type\":\"BreadcrumbList\",\"@id\":\"https:\/\/langueetcom.fr\/tout-public\/nouveaux-horaires-langue-et-communication-vous-accueille-aussi-le-vendredi\/#breadcrumb\",\"itemListElement\":[{\"@type\":\"ListItem\",\"position\":1,\"item\":{\"@type\":\"WebPage\",\"@id\":\"https:\/\/langueetcom.fr\/\",\"url\":\"https:\/\/langueetcom.fr\/\",\"name\":\"Accueil\"}},{\"@type\":\"ListItem\",\"position\":2,\"item\":{\"@id\":\"https:\/\/langueetcom.fr\/tout-public\/nouveaux-horaires-langue-et-communication-vous-accueille-aussi-le-vendredi\/#webpage\"}}]},{\"@type\":\"Article\",\"@id\":\"https:\/\/langueetcom.fr\/tout-public\/nouveaux-horaires-langue-et-communication-vous-accueille-aussi-le-vendredi\/#article\",\"isPartOf\":{\"@id\":\"https:\/\/langueetcom.fr\/tout-public\/nouveaux-horaires-langue-et-communication-vous-accueille-aussi-le-vendredi\/#webpage\"},\"author\":{\"@id\":\"https:\/\/langueetcom.fr\/#\/schema\/person\/e619bae5f71f0170943f1b7b251a2017\"},\"headline\":\"Nouveaux horaires : Langue et Communication \\u00e9largit ses plages d&rsquo;accueil !\",\"datePublished\":\"2024-09-27T08:18:37+00:00\",\"dateModified\":\"2025-03-13T13:41:17+00:00\",\"mainEntityOfPage\":{\"@id\":\"https:\/\/langueetcom.fr\/tout-public\/nouveaux-horaires-langue-et-communication-vous-accueille-aussi-le-vendredi\/#webpage\"},\"wordCount\":67,\"publisher\":{\"@id\":\"https:\/\/langueetcom.fr\/#organization\"},\"image\":{\"@id\":\"https:\/\/langueetcom.fr\/tout-public\/nouveaux-horaires-langue-et-communication-vous-accueille-aussi-le-vendredi\/#primaryimage\"},\"thumbnailUrl\":\"https:\/\/langueetcom.fr\/wp-content\/uploads\/Qui-sommes-nous-slider.jpg\",\"articleSection\":[\"Tout public\"],\"inLanguage\":\"fr-FR\"},{\"@type\":\"Person\",\"@id\":\"https:\/\/langueetcom.fr\/#\/schema\/person\/e619bae5f71f0170943f1b7b251a2017\",\"name\":\"Chlo\\u00e9 LE VACON\",\"image\":{\"@type\":\"ImageObject\",\"@id\":\"https:\/\/langueetcom.fr\/#personlogo\",\"inLanguage\":\"fr-FR\",\"url\":\"https:\/\/secure.gravatar.com\/avatar\/9bc6a393034347824a1203396f6606d7?s=96&d=retro&r=g\",\"contentUrl\":\"https:\/\/secure.gravatar.com\/avatar\/9bc6a393034347824a1203396f6606d7?s=96&d=retro&r=g\",\"caption\":\"Chlo\\u00e9 LE VACON\"},\"url\":\"https:\/\/langueetcom.fr\/author\/chloe\/\"}]}<\/script>\n<!-- \/ Yoast SEO plugin. -->","_links":{"self":[{"href":"https:\/\/langueetcom.fr\/api\/wp\/v2\/posts\/34298"}],"collection":[{"href":"https:\/\/langueetcom.fr\/api\/wp\/v2\/posts"}],"about":[{"href":"https:\/\/langueetcom.fr\/api\/wp\/v2\/types\/post"}],"author":[{"embeddable":true,"href":"https:\/\/langueetcom.fr\/api\/wp\/v2\/users\/9"}],"replies":[{"embeddable":true,"href":"https:\/\/langueetcom.fr\/api\/wp\/v2\/comments?post=34298"}],"version-history":[{"count":4,"href":"https:\/\/langueetcom.fr\/api\/wp\/v2\/posts\/34298\/revisions"}],"predecessor-version":[{"id":34305,"href":"https:\/\/langueetcom.fr\/api\/wp\/v2\/posts\/34298\/revisions\/34305"}],"wp:featuredmedia":[{"embeddable":true,"href":"https:\/\/langueetcom.fr\/api\/wp\/v2\/media\/22785"}],"wp:attachment":[{"href":"https:\/\/langueetcom.fr\/api\/wp\/v2\/media?parent=34298"}],"wp:term":[{"taxonomy":"category","embeddable":true,"href":"https:\/\/langueetcom.fr\/api\/wp\/v2\/categories?post=34298"},{"taxonomy":"post_tag","embeddable":true,"href":"https:\/\/langueetcom.fr\/api\/wp\/v2\/tags?post=34298"},{"taxonomy":"post_series","embeddable":true,"href":"https:\/\/langueetcom.fr\/api\/wp\/v2\/post_series?post=34298"}],"curies":[{"name":"wp","href":"https:\/\/api.w.org\/{rel}","templated":true}]}}