{"id":35557,"date":"2024-12-10T16:05:20","date_gmt":"2024-12-10T15:05:20","guid":{"rendered":"https:\/\/langueetcom.fr\/?p=35557"},"modified":"2025-05-05T14:59:22","modified_gmt":"2025-05-05T12:59:22","slug":"prochaine-session-de-cours-a-partir-du-06-janvier-2025","status":"publish","type":"post","link":"https:\/\/langueetcom.fr\/tout-public\/prochaine-session-de-cours-a-partir-du-06-janvier-2025\/","title":{"rendered":"French class for beginners ! Ouverture de cours d\u00e9butants !"},"content":{"rendered":"\n<p id=\"block-2ba321cf-ffec-4a7c-9f00-f8f1771c242d\">Vous d\u00e9butez en fran\u00e7ais ? Vous souhaitez d\u00e9velopper ou renforcer vos comp\u00e9tences de compr\u00e9hension et de production orales et \u00e9crites ainsi que vos connaissances de l\u2019environnement social et culturel fran\u00e7ais ?<br><strong>Inscrivez-vous \u00e0 notre prochaine session de cours intensifs A1 du 03\/03 au 28\/03\/2025 <\/strong>:<\/p>\n\n\n\n<p><strong>Cours intensifs A<\/strong>1<\/p>\n\n\n\n<ul><li>Les lundis de 9h \u00e0 12h et de 13h15 \u00e0 16h15, et les mardis, mercredis et jeudis de 13h15 \u00e0 16h15<\/li><\/ul>\n\n\n\n<ul><li>Frais p\u00e9dagogiques : 685\u20ac<\/li><\/ul>\n","protected":false},"excerpt":{"rendered":"<p>Vous d\u00e9butez en fran\u00e7ais ? Vous souhaitez d\u00e9velopper ou renforcer vos comp\u00e9tences de compr\u00e9hension et de production orales et \u00e9crites ainsi que vos connaissances de l\u2019environnement social et culturel fran\u00e7ais ?Inscrivez-vous \u00e0 notre prochaine session de cours intensifs A1 du&hellip;<\/p>\n","protected":false},"author":9,"featured_media":268,"comment_status":"closed","ping_status":"open","sticky":false,"template":"","format":"standard","meta":{"_EventAllDay":false,"_EventTimezone":"","_EventStartDate":"","_EventEndDate":"","_EventStartDateUTC":"","_EventEndDateUTC":"","_EventShowMap":false,"_EventShowMapLink":false,"_EventURL":"","_EventCost":"","_EventCostDescription":"","_EventCurrencySymbol":"","_EventCurrencyPosition":"","_EventDateTimeSeparator":"","_EventTimeRangeSeparator":"","_EventOrganizerID":[],"_EventVenueID":0,"_OrganizerEmail":"","_OrganizerPhone":"","_OrganizerWebsite":"","_VenueAddress":"","_VenueCity":"","_VenueCountry":"","_VenueProvince":"","_VenueZip":"","_VenuePhone":"","_VenueURL":"","_VenueStateProvince":"","_VenueLat":"","_VenueLng":""},"categories":[19,17],"tags":[],"post_series":[],"yoast_head":"<!-- This site is optimized with the Yoast SEO plugin v16.4 - https:\/\/yoast.com\/wordpress\/plugins\/seo\/ -->\n<title>French class for beginners ! Ouverture de cours d\u00e9butants ! | Langue et Communication<\/title>\n<meta name=\"robots\" content=\"index, follow, max-snippet:-1, max-image-preview:large, max-video-preview:-1\" \/>\n<link rel=\"canonical\" href=\"https:\/\/langueetcom.fr\/tout-public\/prochaine-session-de-cours-a-partir-du-06-janvier-2025\/\" \/>\n<meta property=\"og:locale\" content=\"fr_FR\" \/>\n<meta property=\"og:type\" content=\"article\" \/>\n<meta property=\"og:title\" content=\"French class for beginners ! Ouverture de cours d\u00e9butants ! | Langue et Communication\" \/>\n<meta property=\"og:description\" content=\"Vous d\u00e9butez en fran\u00e7ais ? Vous souhaitez d\u00e9velopper ou renforcer vos comp\u00e9tences de compr\u00e9hension et de production orales et \u00e9crites ainsi que vos connaissances de l\u2019environnement social et culturel fran\u00e7ais ?Inscrivez-vous \u00e0 notre prochaine session de cours intensifs A1 du&hellip;\" \/>\n<meta property=\"og:url\" content=\"https:\/\/langueetcom.fr\/tout-public\/prochaine-session-de-cours-a-partir-du-06-janvier-2025\/\" \/>\n<meta property=\"og:site_name\" content=\"Langue et Communication\" \/>\n<meta property=\"article:published_time\" content=\"2024-12-10T15:05:20+00:00\" \/>\n<meta property=\"article:modified_time\" content=\"2025-05-05T12:59:22+00:00\" \/>\n<meta property=\"og:image\" content=\"https:\/\/langueetcom.fr\/wp-content\/uploads\/2020\/01\/CCAS_ACE_65.jpg\" \/>\n\t<meta property=\"og:image:width\" content=\"1280\" \/>\n\t<meta property=\"og:image:height\" content=\"853\" \/>\n<meta name=\"twitter:card\" content=\"summary_large_image\" \/>\n<meta name=\"twitter:label1\" content=\"Dur\u00e9e de lecture est.\" \/>\n\t<meta name=\"twitter:data1\" content=\"1 minute\" \/>\n<script type=\"application\/ld+json\" class=\"yoast-schema-graph\">{\"@context\":\"https:\/\/schema.org\",\"@graph\":[{\"@type\":\"Organization\",\"@id\":\"https:\/\/langueetcom.fr\/#organization\",\"name\":\"Langue et Communication\",\"url\":\"https:\/\/langueetcom.fr\/\",\"sameAs\":[],\"logo\":{\"@type\":\"ImageObject\",\"@id\":\"https:\/\/langueetcom.fr\/#logo\",\"inLanguage\":\"fr-FR\",\"url\":\"https:\/\/langueetcom.fr\/wp-content\/uploads\/2020\/12\/langueetcom-logo-typoseule-004.png\",\"contentUrl\":\"https:\/\/langueetcom.fr\/wp-content\/uploads\/2020\/12\/langueetcom-logo-typoseule-004.png\",\"width\":909,\"height\":268,\"caption\":\"Langue et Communication\"},\"image\":{\"@id\":\"https:\/\/langueetcom.fr\/#logo\"}},{\"@type\":\"WebSite\",\"@id\":\"https:\/\/langueetcom.fr\/#website\",\"url\":\"https:\/\/langueetcom.fr\/\",\"name\":\"Langue et Communication\",\"description\":\"Centre de formation pour un apprentissage du fran\\u00e7aisriche de sens\",\"publisher\":{\"@id\":\"https:\/\/langueetcom.fr\/#organization\"},\"potentialAction\":[{\"@type\":\"SearchAction\",\"target\":\"https:\/\/langueetcom.fr\/?s={search_term_string}\",\"query-input\":\"required name=search_term_string\"}],\"inLanguage\":\"fr-FR\"},{\"@type\":\"ImageObject\",\"@id\":\"https:\/\/langueetcom.fr\/tout-public\/prochaine-session-de-cours-a-partir-du-06-janvier-2025\/#primaryimage\",\"inLanguage\":\"fr-FR\",\"url\":\"https:\/\/langueetcom.fr\/wp-content\/uploads\/2020\/01\/CCAS_ACE_65.jpg\",\"contentUrl\":\"https:\/\/langueetcom.fr\/wp-content\/uploads\/2020\/01\/CCAS_ACE_65.jpg\",\"width\":1280,\"height\":853,\"caption\":\"\\u00a9 A-C. Est\\u00e8ve\"},{\"@type\":\"WebPage\",\"@id\":\"https:\/\/langueetcom.fr\/tout-public\/prochaine-session-de-cours-a-partir-du-06-janvier-2025\/#webpage\",\"url\":\"https:\/\/langueetcom.fr\/tout-public\/prochaine-session-de-cours-a-partir-du-06-janvier-2025\/\",\"name\":\"French class for beginners ! Ouverture de cours d\\u00e9butants ! | Langue et Communication\",\"isPartOf\":{\"@id\":\"https:\/\/langueetcom.fr\/#website\"},\"primaryImageOfPage\":{\"@id\":\"https:\/\/langueetcom.fr\/tout-public\/prochaine-session-de-cours-a-partir-du-06-janvier-2025\/#primaryimage\"},\"datePublished\":\"2024-12-10T15:05:20+00:00\",\"dateModified\":\"2025-05-05T12:59:22+00:00\",\"breadcrumb\":{\"@id\":\"https:\/\/langueetcom.fr\/tout-public\/prochaine-session-de-cours-a-partir-du-06-janvier-2025\/#breadcrumb\"},\"inLanguage\":\"fr-FR\",\"potentialAction\":[{\"@type\":\"ReadAction\",\"target\":[\"https:\/\/langueetcom.fr\/tout-public\/prochaine-session-de-cours-a-partir-du-06-janvier-2025\/\"]}]},{\"@type\":\"BreadcrumbList\",\"@id\":\"https:\/\/langueetcom.fr\/tout-public\/prochaine-session-de-cours-a-partir-du-06-janvier-2025\/#breadcrumb\",\"itemListElement\":[{\"@type\":\"ListItem\",\"position\":1,\"item\":{\"@type\":\"WebPage\",\"@id\":\"https:\/\/langueetcom.fr\/\",\"url\":\"https:\/\/langueetcom.fr\/\",\"name\":\"Accueil\"}},{\"@type\":\"ListItem\",\"position\":2,\"item\":{\"@id\":\"https:\/\/langueetcom.fr\/tout-public\/prochaine-session-de-cours-a-partir-du-06-janvier-2025\/#webpage\"}}]},{\"@type\":\"Article\",\"@id\":\"https:\/\/langueetcom.fr\/tout-public\/prochaine-session-de-cours-a-partir-du-06-janvier-2025\/#article\",\"isPartOf\":{\"@id\":\"https:\/\/langueetcom.fr\/tout-public\/prochaine-session-de-cours-a-partir-du-06-janvier-2025\/#webpage\"},\"author\":{\"@id\":\"https:\/\/langueetcom.fr\/#\/schema\/person\/e619bae5f71f0170943f1b7b251a2017\"},\"headline\":\"French class for beginners ! Ouverture de cours d\\u00e9butants !\",\"datePublished\":\"2024-12-10T15:05:20+00:00\",\"dateModified\":\"2025-05-05T12:59:22+00:00\",\"mainEntityOfPage\":{\"@id\":\"https:\/\/langueetcom.fr\/tout-public\/prochaine-session-de-cours-a-partir-du-06-janvier-2025\/#webpage\"},\"wordCount\":79,\"publisher\":{\"@id\":\"https:\/\/langueetcom.fr\/#organization\"},\"image\":{\"@id\":\"https:\/\/langueetcom.fr\/tout-public\/prochaine-session-de-cours-a-partir-du-06-janvier-2025\/#primaryimage\"},\"thumbnailUrl\":\"https:\/\/langueetcom.fr\/wp-content\/uploads\/2020\/01\/CCAS_ACE_65.jpg\",\"articleSection\":[\"A destination des apprenant.es\",\"Tout public\"],\"inLanguage\":\"fr-FR\"},{\"@type\":\"Person\",\"@id\":\"https:\/\/langueetcom.fr\/#\/schema\/person\/e619bae5f71f0170943f1b7b251a2017\",\"name\":\"Chlo\\u00e9 LE VACON\",\"image\":{\"@type\":\"ImageObject\",\"@id\":\"https:\/\/langueetcom.fr\/#personlogo\",\"inLanguage\":\"fr-FR\",\"url\":\"https:\/\/secure.gravatar.com\/avatar\/9bc6a393034347824a1203396f6606d7?s=96&d=retro&r=g\",\"contentUrl\":\"https:\/\/secure.gravatar.com\/avatar\/9bc6a393034347824a1203396f6606d7?s=96&d=retro&r=g\",\"caption\":\"Chlo\\u00e9 LE VACON\"},\"url\":\"https:\/\/langueetcom.fr\/author\/chloe\/\"}]}<\/script>\n<!-- \/ Yoast SEO plugin. -->","_links":{"self":[{"href":"https:\/\/langueetcom.fr\/api\/wp\/v2\/posts\/35557"}],"collection":[{"href":"https:\/\/langueetcom.fr\/api\/wp\/v2\/posts"}],"about":[{"href":"https:\/\/langueetcom.fr\/api\/wp\/v2\/types\/post"}],"author":[{"embeddable":true,"href":"https:\/\/langueetcom.fr\/api\/wp\/v2\/users\/9"}],"replies":[{"embeddable":true,"href":"https:\/\/langueetcom.fr\/api\/wp\/v2\/comments?post=35557"}],"version-history":[{"count":3,"href":"https:\/\/langueetcom.fr\/api\/wp\/v2\/posts\/35557\/revisions"}],"predecessor-version":[{"id":36987,"href":"https:\/\/langueetcom.fr\/api\/wp\/v2\/posts\/35557\/revisions\/36987"}],"wp:featuredmedia":[{"embeddable":true,"href":"https:\/\/langueetcom.fr\/api\/wp\/v2\/media\/268"}],"wp:attachment":[{"href":"https:\/\/langueetcom.fr\/api\/wp\/v2\/media?parent=35557"}],"wp:term":[{"taxonomy":"category","embeddable":true,"href":"https:\/\/langueetcom.fr\/api\/wp\/v2\/categories?post=35557"},{"taxonomy":"post_tag","embeddable":true,"href":"https:\/\/langueetcom.fr\/api\/wp\/v2\/tags?post=35557"},{"taxonomy":"post_series","embeddable":true,"href":"https:\/\/langueetcom.fr\/api\/wp\/v2\/post_series?post=35557"}],"curies":[{"name":"wp","href":"https:\/\/api.w.org\/{rel}","templated":true}]}}