{"id":39681,"date":"2025-07-10T10:18:53","date_gmt":"2025-07-10T08:18:53","guid":{"rendered":"https:\/\/langueetcom.fr\/?p=39681"},"modified":"2025-09-18T11:06:28","modified_gmt":"2025-09-18T09:06:28","slug":"rejoignez-nous-langue-et-communication-recherche-une-coordinatrice-pedagogique","status":"publish","type":"post","link":"https:\/\/langueetcom.fr\/tout-public\/rejoignez-nous-langue-et-communication-recherche-une-coordinatrice-pedagogique\/","title":{"rendered":"Rejoignez-nous ! Langue et Communication recherche un\u00b7e coordinateur\u00b7rice p\u00e9dagogique"},"content":{"rendered":"\n<p>Curieux\u00b7se, adaptable, cr\u00e9atif\u00b7ve et organis\u00e9\u00b7e, avec une sensibilit\u00e9 particuli\u00e8re aux enjeux soci\u00e9taux ? Dot\u00e9e d&rsquo;une grande aisance relationnel et d&rsquo;un esprit d&rsquo;\u00e9quipe affirm\u00e9 et d&rsquo;une forte r\u00e9activit\u00e9 ? On vous attend !<\/p>\n\n\n\n<p>Pour en savoir plus, consultez le d\u00e9tail de l&rsquo;offre <a href=\"https:\/\/langueetcom.fr\/wp-content\/uploads\/Recrutement_COORDINATEUR\u00b7RICE-PEDAGOGIQUE_FLE_2025_CDD.pdf\" target=\"_blank\" rel=\"noreferrer noopener\">ici.<\/a><\/p>\n","protected":false},"excerpt":{"rendered":"<p>Curieux\u00b7se, adaptable, cr\u00e9atif\u00b7ve et organis\u00e9\u00b7e, avec une sensibilit\u00e9 particuli\u00e8re aux enjeux soci\u00e9taux ? Dot\u00e9e d&rsquo;une grande aisance relationnel et d&rsquo;un esprit d&rsquo;\u00e9quipe affirm\u00e9 et d&rsquo;une forte r\u00e9activit\u00e9 ? On vous attend ! Pour en savoir plus, consultez le d\u00e9tail de&hellip;<\/p>\n","protected":false},"author":9,"featured_media":33370,"comment_status":"closed","ping_status":"open","sticky":false,"template":"","format":"standard","meta":{"_EventAllDay":false,"_EventTimezone":"","_EventStartDate":"","_EventEndDate":"","_EventStartDateUTC":"","_EventEndDateUTC":"","_EventShowMap":false,"_EventShowMapLink":false,"_EventURL":"","_EventCost":"","_EventCostDescription":"","_EventCurrencySymbol":"","_EventCurrencyPosition":"","_EventDateTimeSeparator":"","_EventTimeRangeSeparator":"","_EventOrganizerID":[],"_EventVenueID":0,"_OrganizerEmail":"","_OrganizerPhone":"","_OrganizerWebsite":"","_VenueAddress":"","_VenueCity":"","_VenueCountry":"","_VenueProvince":"","_VenueZip":"","_VenuePhone":"","_VenueURL":"","_VenueStateProvince":"","_VenueLat":"","_VenueLng":""},"categories":[17],"tags":[],"post_series":[],"yoast_head":"<!-- This site is optimized with the Yoast SEO plugin v16.4 - https:\/\/yoast.com\/wordpress\/plugins\/seo\/ -->\n<title>Rejoignez-nous ! Langue et Communication recherche un\u00b7e coordinateur\u00b7rice p\u00e9dagogique | Langue et Communication<\/title>\n<meta name=\"robots\" content=\"index, follow, max-snippet:-1, max-image-preview:large, max-video-preview:-1\" \/>\n<link rel=\"canonical\" href=\"https:\/\/langueetcom.fr\/tout-public\/rejoignez-nous-langue-et-communication-recherche-une-coordinatrice-pedagogique\/\" \/>\n<meta property=\"og:locale\" content=\"fr_FR\" \/>\n<meta property=\"og:type\" content=\"article\" \/>\n<meta property=\"og:title\" content=\"Rejoignez-nous ! Langue et Communication recherche un\u00b7e coordinateur\u00b7rice p\u00e9dagogique | Langue et Communication\" \/>\n<meta property=\"og:description\" content=\"Curieux\u00b7se, adaptable, cr\u00e9atif\u00b7ve et organis\u00e9\u00b7e, avec une sensibilit\u00e9 particuli\u00e8re aux enjeux soci\u00e9taux ? Dot\u00e9e d&rsquo;une grande aisance relationnel et d&rsquo;un esprit d&rsquo;\u00e9quipe affirm\u00e9 et d&rsquo;une forte r\u00e9activit\u00e9 ? On vous attend ! Pour en savoir plus, consultez le d\u00e9tail de&hellip;\" \/>\n<meta property=\"og:url\" content=\"https:\/\/langueetcom.fr\/tout-public\/rejoignez-nous-langue-et-communication-recherche-une-coordinatrice-pedagogique\/\" \/>\n<meta property=\"og:site_name\" content=\"Langue et Communication\" \/>\n<meta property=\"article:published_time\" content=\"2025-07-10T08:18:53+00:00\" \/>\n<meta property=\"article:modified_time\" content=\"2025-09-18T09:06:28+00:00\" \/>\n<meta property=\"og:image\" content=\"https:\/\/langueetcom.fr\/wp-content\/uploads\/megaphone.png\" \/>\n\t<meta property=\"og:image:width\" content=\"489\" \/>\n\t<meta property=\"og:image:height\" content=\"380\" \/>\n<meta name=\"twitter:card\" content=\"summary_large_image\" \/>\n<meta name=\"twitter:label1\" content=\"Dur\u00e9e de lecture est.\" \/>\n\t<meta name=\"twitter:data1\" content=\"1 minute\" \/>\n<script type=\"application\/ld+json\" class=\"yoast-schema-graph\">{\"@context\":\"https:\/\/schema.org\",\"@graph\":[{\"@type\":\"Organization\",\"@id\":\"https:\/\/langueetcom.fr\/#organization\",\"name\":\"Langue et Communication\",\"url\":\"https:\/\/langueetcom.fr\/\",\"sameAs\":[],\"logo\":{\"@type\":\"ImageObject\",\"@id\":\"https:\/\/langueetcom.fr\/#logo\",\"inLanguage\":\"fr-FR\",\"url\":\"https:\/\/langueetcom.fr\/wp-content\/uploads\/2020\/12\/langueetcom-logo-typoseule-004.png\",\"contentUrl\":\"https:\/\/langueetcom.fr\/wp-content\/uploads\/2020\/12\/langueetcom-logo-typoseule-004.png\",\"width\":909,\"height\":268,\"caption\":\"Langue et Communication\"},\"image\":{\"@id\":\"https:\/\/langueetcom.fr\/#logo\"}},{\"@type\":\"WebSite\",\"@id\":\"https:\/\/langueetcom.fr\/#website\",\"url\":\"https:\/\/langueetcom.fr\/\",\"name\":\"Langue et Communication\",\"description\":\"Centre de formation pour un apprentissage du fran\\u00e7aisriche de sens\",\"publisher\":{\"@id\":\"https:\/\/langueetcom.fr\/#organization\"},\"potentialAction\":[{\"@type\":\"SearchAction\",\"target\":\"https:\/\/langueetcom.fr\/?s={search_term_string}\",\"query-input\":\"required name=search_term_string\"}],\"inLanguage\":\"fr-FR\"},{\"@type\":\"ImageObject\",\"@id\":\"https:\/\/langueetcom.fr\/tout-public\/rejoignez-nous-langue-et-communication-recherche-une-coordinatrice-pedagogique\/#primaryimage\",\"inLanguage\":\"fr-FR\",\"url\":\"https:\/\/langueetcom.fr\/wp-content\/uploads\/megaphone.png\",\"contentUrl\":\"https:\/\/langueetcom.fr\/wp-content\/uploads\/megaphone.png\",\"width\":489,\"height\":380},{\"@type\":\"WebPage\",\"@id\":\"https:\/\/langueetcom.fr\/tout-public\/rejoignez-nous-langue-et-communication-recherche-une-coordinatrice-pedagogique\/#webpage\",\"url\":\"https:\/\/langueetcom.fr\/tout-public\/rejoignez-nous-langue-et-communication-recherche-une-coordinatrice-pedagogique\/\",\"name\":\"Rejoignez-nous ! Langue et Communication recherche un\\u00b7e coordinateur\\u00b7rice p\\u00e9dagogique | Langue et Communication\",\"isPartOf\":{\"@id\":\"https:\/\/langueetcom.fr\/#website\"},\"primaryImageOfPage\":{\"@id\":\"https:\/\/langueetcom.fr\/tout-public\/rejoignez-nous-langue-et-communication-recherche-une-coordinatrice-pedagogique\/#primaryimage\"},\"datePublished\":\"2025-07-10T08:18:53+00:00\",\"dateModified\":\"2025-09-18T09:06:28+00:00\",\"breadcrumb\":{\"@id\":\"https:\/\/langueetcom.fr\/tout-public\/rejoignez-nous-langue-et-communication-recherche-une-coordinatrice-pedagogique\/#breadcrumb\"},\"inLanguage\":\"fr-FR\",\"potentialAction\":[{\"@type\":\"ReadAction\",\"target\":[\"https:\/\/langueetcom.fr\/tout-public\/rejoignez-nous-langue-et-communication-recherche-une-coordinatrice-pedagogique\/\"]}]},{\"@type\":\"BreadcrumbList\",\"@id\":\"https:\/\/langueetcom.fr\/tout-public\/rejoignez-nous-langue-et-communication-recherche-une-coordinatrice-pedagogique\/#breadcrumb\",\"itemListElement\":[{\"@type\":\"ListItem\",\"position\":1,\"item\":{\"@type\":\"WebPage\",\"@id\":\"https:\/\/langueetcom.fr\/\",\"url\":\"https:\/\/langueetcom.fr\/\",\"name\":\"Accueil\"}},{\"@type\":\"ListItem\",\"position\":2,\"item\":{\"@id\":\"https:\/\/langueetcom.fr\/tout-public\/rejoignez-nous-langue-et-communication-recherche-une-coordinatrice-pedagogique\/#webpage\"}}]},{\"@type\":\"Article\",\"@id\":\"https:\/\/langueetcom.fr\/tout-public\/rejoignez-nous-langue-et-communication-recherche-une-coordinatrice-pedagogique\/#article\",\"isPartOf\":{\"@id\":\"https:\/\/langueetcom.fr\/tout-public\/rejoignez-nous-langue-et-communication-recherche-une-coordinatrice-pedagogique\/#webpage\"},\"author\":{\"@id\":\"https:\/\/langueetcom.fr\/#\/schema\/person\/e619bae5f71f0170943f1b7b251a2017\"},\"headline\":\"Rejoignez-nous ! Langue et Communication recherche un\\u00b7e coordinateur\\u00b7rice p\\u00e9dagogique\",\"datePublished\":\"2025-07-10T08:18:53+00:00\",\"dateModified\":\"2025-09-18T09:06:28+00:00\",\"mainEntityOfPage\":{\"@id\":\"https:\/\/langueetcom.fr\/tout-public\/rejoignez-nous-langue-et-communication-recherche-une-coordinatrice-pedagogique\/#webpage\"},\"wordCount\":60,\"publisher\":{\"@id\":\"https:\/\/langueetcom.fr\/#organization\"},\"image\":{\"@id\":\"https:\/\/langueetcom.fr\/tout-public\/rejoignez-nous-langue-et-communication-recherche-une-coordinatrice-pedagogique\/#primaryimage\"},\"thumbnailUrl\":\"https:\/\/langueetcom.fr\/wp-content\/uploads\/megaphone.png\",\"articleSection\":[\"Tout public\"],\"inLanguage\":\"fr-FR\"},{\"@type\":\"Person\",\"@id\":\"https:\/\/langueetcom.fr\/#\/schema\/person\/e619bae5f71f0170943f1b7b251a2017\",\"name\":\"Chlo\\u00e9 LE VACON\",\"image\":{\"@type\":\"ImageObject\",\"@id\":\"https:\/\/langueetcom.fr\/#personlogo\",\"inLanguage\":\"fr-FR\",\"url\":\"https:\/\/secure.gravatar.com\/avatar\/9bc6a393034347824a1203396f6606d7?s=96&d=retro&r=g\",\"contentUrl\":\"https:\/\/secure.gravatar.com\/avatar\/9bc6a393034347824a1203396f6606d7?s=96&d=retro&r=g\",\"caption\":\"Chlo\\u00e9 LE VACON\"},\"url\":\"https:\/\/langueetcom.fr\/author\/chloe\/\"}]}<\/script>\n<!-- \/ Yoast SEO plugin. -->","_links":{"self":[{"href":"https:\/\/langueetcom.fr\/api\/wp\/v2\/posts\/39681"}],"collection":[{"href":"https:\/\/langueetcom.fr\/api\/wp\/v2\/posts"}],"about":[{"href":"https:\/\/langueetcom.fr\/api\/wp\/v2\/types\/post"}],"author":[{"embeddable":true,"href":"https:\/\/langueetcom.fr\/api\/wp\/v2\/users\/9"}],"replies":[{"embeddable":true,"href":"https:\/\/langueetcom.fr\/api\/wp\/v2\/comments?post=39681"}],"version-history":[{"count":4,"href":"https:\/\/langueetcom.fr\/api\/wp\/v2\/posts\/39681\/revisions"}],"predecessor-version":[{"id":39688,"href":"https:\/\/langueetcom.fr\/api\/wp\/v2\/posts\/39681\/revisions\/39688"}],"wp:featuredmedia":[{"embeddable":true,"href":"https:\/\/langueetcom.fr\/api\/wp\/v2\/media\/33370"}],"wp:attachment":[{"href":"https:\/\/langueetcom.fr\/api\/wp\/v2\/media?parent=39681"}],"wp:term":[{"taxonomy":"category","embeddable":true,"href":"https:\/\/langueetcom.fr\/api\/wp\/v2\/categories?post=39681"},{"taxonomy":"post_tag","embeddable":true,"href":"https:\/\/langueetcom.fr\/api\/wp\/v2\/tags?post=39681"},{"taxonomy":"post_series","embeddable":true,"href":"https:\/\/langueetcom.fr\/api\/wp\/v2\/post_series?post=39681"}],"curies":[{"name":"wp","href":"https:\/\/api.w.org\/{rel}","templated":true}]}}