{"id":39715,"date":"2025-07-11T15:05:33","date_gmt":"2025-07-11T13:05:33","guid":{"rendered":"https:\/\/langueetcom.fr\/?p=39715"},"modified":"2025-11-13T14:49:30","modified_gmt":"2025-11-13T13:49:30","slug":"envie-de-progresser-en-francais-des-la-rentree-consultez-notre-nouvelle-offre-de-cours","status":"publish","type":"post","link":"https:\/\/langueetcom.fr\/tout-public\/envie-de-progresser-en-francais-des-la-rentree-consultez-notre-nouvelle-offre-de-cours\/","title":{"rendered":"Envie de progresser en fran\u00e7ais d\u00e8s la rentr\u00e9e ? Consultez notre offre de cours \u00e0 partir de septembre !"},"content":{"rendered":"[vc_row][vc_column][vc_column_text]\r\n<p><strong>Des cours collectifs en petits groupes ET des<\/strong><strong>\u00a0cours en autonomie via des activit\u00e9s en ligne en lien avec la progression des cours<\/strong><\/p>\r\n<h3><\/h3>\r\n<p>pour progresser efficacement \u00e0 votre rythme !<\/p>\r\n<h3>=&gt; D\u00e9couvrez nos stages intensifs de rentr\u00e9e disponibles au mois de septembre en cliquant <a href=\"https:\/\/langueetcom.fr\/ecoles-ete-et-rentree\/\">ici<\/a>.<\/h3>\r\n\r\n\r\n\r\n<h3>=&gt; D\u00e9couvrez notre nouvelle formule de cours intensifs, \u00e0 partir du 06\/10\/2025 !<\/h3>\r\n\r\n<p>&nbsp;<\/p>\r\n<!-- \/wp:paragraph -->\r\n<p><!-- wp:paragraph --><em>N\u00e9cessit\u00e9 de disposer d\u2019un ordinateur, d\u2019une tablette ou d\u2019un smartphone et d\u2019un acc\u00e8s \u00e0 Internet pour les cours en autonomie<\/em><\/p>\r\n<!-- \/wp:paragraph -->\r\n<p><!-- wp:paragraph --><strong>Consultez les modalit\u00e9s, selon votre niveau :<\/strong><\/p>\r\n<!-- \/wp:paragraph -->\r\n\r\n<!-- wp:shortcode -->\r\n<p>&nbsp;<\/p>\r\n[\/vc_column_text][\/vc_column][\/vc_row]\n<table id=\"tablepress-47\" class=\"tablepress tablepress-id-47\">\n<thead>\n<tr class=\"row-1 odd\">\n\t<th class=\"column-1\">Niveaux<\/th><th class=\"column-2\">&nbsp;<\/th><th class=\"column-3\">Dur\u00e9e de la formation<\/th><th class=\"column-4\">&nbsp;<\/th><th class=\"column-5\">Cours collectifs (pr\u00e9sentiel)<\/th><th class=\"column-6\">&nbsp;<\/th><th class=\"column-7\">Cours en autonomie (plateforme d\u00e9di\u00e9e)<\/th><th class=\"column-8\">&nbsp;<\/th><th class=\"column-9\">Jours*<\/th><th class=\"column-10\">&nbsp;<\/th><th class=\"column-11\">Horaires*<\/th><th class=\"column-12\">&nbsp;<\/th><th class=\"column-13\">Tarifs<\/th><th class=\"column-14\">&nbsp;<\/th>\n<\/tr>\n<\/thead>\n<tbody>\n<tr class=\"row-2 even\">\n\t<td class=\"column-1\">Niveau A2<\/td><td class=\"column-2\"><\/td><td class=\"column-3\">97h<\/td><td class=\"column-4\"><\/td><td class=\"column-5\">72h<\/td><td class=\"column-6\"><\/td><td class=\"column-7\">25h<\/td><td class=\"column-8\"><\/td><td class=\"column-9\">Les mardis, jeudis et vendredis<\/td><td class=\"column-10\"><\/td><td class=\"column-11\">13h45-15h45<\/td><td class=\"column-12\"><\/td><td class=\"column-13\">1065\u20ac<\/td><td class=\"column-14\"><\/td>\n<\/tr>\n<tr class=\"row-3 odd\">\n\t<td class=\"column-1\">Niveau B1<\/td><td class=\"column-2\"><\/td><td class=\"column-3\">144h<\/td><td class=\"column-4\"><\/td><td class=\"column-5\">108h<\/td><td class=\"column-6\"><\/td><td class=\"column-7\">36h<\/td><td class=\"column-8\"><\/td><td class=\"column-9\">Les lundis, mardis et jeudis<\/td><td class=\"column-10\"><\/td><td class=\"column-11\">09h00-12h00<\/td><td class=\"column-12\"><\/td><td class=\"column-13\">1645\u20ac<\/td><td class=\"column-14\"><\/td>\n<\/tr>\n<tr class=\"row-4 even\">\n\t<td class=\"column-1\">Niveau B2<\/td><td class=\"column-2\"><\/td><td class=\"column-3\">180h<\/td><td class=\"column-4\"><\/td><td class=\"column-5\">144h<\/td><td class=\"column-6\"><\/td><td class=\"column-7\">36h<\/td><td class=\"column-8\"><\/td><td class=\"column-9\">Les lundis, mardis, jeudis et vendredis<\/td><td class=\"column-10\"><\/td><td class=\"column-11\">09h00-12h00<\/td><td class=\"column-12\"><\/td><td class=\"column-13\">1975\u20ac<\/td><td class=\"column-14\"><\/td>\n<\/tr>\n<\/tbody>\n<\/table>\n<!-- #tablepress-47 from cache -->[vc_row][vc_column][vc_column_text]<!-- \/wp:shortcode --><\/p>\r\n<!-- wp:heading {\"level\":3} -->\r\n<h3>Et en plus !<\/h3>\r\n<!-- \/wp:heading -->\r\n<p><!-- wp:paragraph --><strong>Permanence d&rsquo;aide \u00e0 la connexion<\/strong> tous les mercredis de 10h \u00e0 12h !<\/p>\r\n<!-- \/wp:paragraph -->\r\n<p><!-- wp:paragraph -->Acc\u00e8s aux supports et aux animations du <a href=\"https:\/\/langueetcom.fr\/ressource\/\" target=\"_blank\" rel=\"noreferrer noopener\">centre de ressources<\/a>\u00a0 <strong>pour enrichir votre parcours d\u2019apprentissage !<\/strong><\/p>\r\n<!-- \/wp:paragraph -->\r\n<p><!-- wp:paragraph -->Acc\u00e8s aux visites et sorties culturelles <strong>pour d\u00e9couvrir les cultures bretonne et fran\u00e7aise !<\/strong><\/p>\r\n<!-- \/wp:paragraph -->\r\n<p><!-- wp:paragraph -->Acc\u00e8s \u00e0 un suivi personnalis\u00e9 de votre apprentissage via <a href=\"https:\/\/extranet-langueetcom.dendreo.com\/login\" target=\"_blank\" rel=\"noreferrer noopener\">votre Extranet<\/a>.<\/p>\r\n<!-- \/wp:paragraph -->\r\n\r\n<!-- wp:heading {\"level\":3} -->\r\n<h3>Int\u00e9ress\u00e9\u00b7e ?<\/h3>\r\n<!-- \/wp:heading -->\r\n<p><!-- wp:paragraph -->1. Passez notre <strong><a href=\"https:\/\/docs.google.com\/forms\/d\/e\/1FAIpQLSeeD5d9W3_LZmKwmQTnphPVbZjna6Ajlayl0aicmLPrP6oFgQ\/viewform\" target=\"_blank\" rel=\"noreferrer noopener\">test en ligne<\/a><\/strong> gratuit et sans engagement !<\/p>\r\n<!-- \/wp:paragraph -->\r\n<p><!-- wp:paragraph -->2. Passez un <strong>entretien individuel<\/strong> avec notre responsable p\u00e9dagogique qui vous prop<span style=\"font-size: 1.8rem;\">osera un <\/span><strong style=\"font-size: 1.8rem;\">parcours adapt\u00e9<\/strong><span style=\"font-size: 1.8rem;\"> en fonction de vos besoins et de votre niveau !<\/span><\/p>\r\n<p><!-- \/wp:paragraph -->[\/vc_column_text][\/vc_column][\/vc_row]\r\n<p><img loading=\"lazy\" class=\"alignnone size-medium wp-image-39631\" style=\"font-size: 1.8rem;\" src=\"https:\/\/langueetcom.fr\/wp-content\/uploads\/b9dc9a23-3100-4ea2-84f6-f5e0f7795b8e-300x225.jpg\" alt=\"\" width=\"300\" height=\"225\" srcset=\"https:\/\/langueetcom.fr\/wp-content\/uploads\/b9dc9a23-3100-4ea2-84f6-f5e0f7795b8e-300x225.jpg 300w, https:\/\/langueetcom.fr\/wp-content\/uploads\/b9dc9a23-3100-4ea2-84f6-f5e0f7795b8e-1024x767.jpg 1024w, https:\/\/langueetcom.fr\/wp-content\/uploads\/b9dc9a23-3100-4ea2-84f6-f5e0f7795b8e-768x576.jpg 768w, https:\/\/langueetcom.fr\/wp-content\/uploads\/b9dc9a23-3100-4ea2-84f6-f5e0f7795b8e-1536x1151.jpg 1536w, https:\/\/langueetcom.fr\/wp-content\/uploads\/b9dc9a23-3100-4ea2-84f6-f5e0f7795b8e.jpg 1600w\" sizes=\"(max-width: 300px) 100vw, 300px\" \/><\/p>","protected":false},"excerpt":{"rendered":"<p>[vc_row][vc_column][vc_column_text] Des cours collectifs en petits groupes ET des\u00a0cours en autonomie via des activit\u00e9s en ligne en lien avec la progression des cours pour progresser efficacement \u00e0 votre rythme ! =&gt; D\u00e9couvrez nos stages intensifs de rentr\u00e9e disponibles au mois&hellip;<\/p>\n","protected":false},"author":9,"featured_media":267,"comment_status":"closed","ping_status":"open","sticky":false,"template":"","format":"standard","meta":{"_EventAllDay":false,"_EventTimezone":"","_EventStartDate":"","_EventEndDate":"","_EventStartDateUTC":"","_EventEndDateUTC":"","_EventShowMap":false,"_EventShowMapLink":false,"_EventURL":"","_EventCost":"","_EventCostDescription":"","_EventCurrencySymbol":"","_EventCurrencyPosition":"","_EventDateTimeSeparator":"","_EventTimeRangeSeparator":"","_EventOrganizerID":[],"_EventVenueID":0,"_OrganizerEmail":"","_OrganizerPhone":"","_OrganizerWebsite":"","_VenueAddress":"","_VenueCity":"","_VenueCountry":"","_VenueProvince":"","_VenueZip":"","_VenuePhone":"","_VenueURL":"","_VenueStateProvince":"","_VenueLat":"","_VenueLng":""},"categories":[17],"tags":[],"post_series":[],"yoast_head":"<!-- This site is optimized with the Yoast SEO plugin v16.4 - https:\/\/yoast.com\/wordpress\/plugins\/seo\/ -->\n<title>Envie de progresser en fran\u00e7ais d\u00e8s la rentr\u00e9e ? Consultez notre offre de cours \u00e0 partir de septembre ! | Langue et Communication<\/title>\n<meta name=\"robots\" content=\"index, follow, max-snippet:-1, max-image-preview:large, max-video-preview:-1\" \/>\n<link rel=\"canonical\" href=\"https:\/\/langueetcom.fr\/tout-public\/envie-de-progresser-en-francais-des-la-rentree-consultez-notre-nouvelle-offre-de-cours\/\" \/>\n<meta property=\"og:locale\" content=\"fr_FR\" \/>\n<meta property=\"og:type\" content=\"article\" \/>\n<meta property=\"og:title\" content=\"Envie de progresser en fran\u00e7ais d\u00e8s la rentr\u00e9e ? Consultez notre offre de cours \u00e0 partir de septembre ! | Langue et Communication\" \/>\n<meta property=\"og:description\" content=\"[vc_row][vc_column][vc_column_text] Des cours collectifs en petits groupes ET des\u00a0cours en autonomie via des activit\u00e9s en ligne en lien avec la progression des cours pour progresser efficacement \u00e0 votre rythme ! =&gt; D\u00e9couvrez nos stages intensifs de rentr\u00e9e disponibles au mois&hellip;\" \/>\n<meta property=\"og:url\" content=\"https:\/\/langueetcom.fr\/tout-public\/envie-de-progresser-en-francais-des-la-rentree-consultez-notre-nouvelle-offre-de-cours\/\" \/>\n<meta property=\"og:site_name\" content=\"Langue et Communication\" \/>\n<meta property=\"article:published_time\" content=\"2025-07-11T13:05:33+00:00\" \/>\n<meta property=\"article:modified_time\" content=\"2025-11-13T13:49:30+00:00\" \/>\n<meta property=\"og:image\" content=\"https:\/\/langueetcom.fr\/wp-content\/uploads\/2020\/01\/CCAS_ACE_64.jpg\" \/>\n\t<meta property=\"og:image:width\" content=\"1280\" \/>\n\t<meta property=\"og:image:height\" content=\"853\" \/>\n<meta name=\"twitter:card\" content=\"summary_large_image\" \/>\n<meta name=\"twitter:label1\" content=\"Dur\u00e9e de lecture est.\" \/>\n\t<meta name=\"twitter:data1\" content=\"1 minute\" \/>\n<script type=\"application\/ld+json\" class=\"yoast-schema-graph\">{\"@context\":\"https:\/\/schema.org\",\"@graph\":[{\"@type\":\"Organization\",\"@id\":\"https:\/\/langueetcom.fr\/#organization\",\"name\":\"Langue et Communication\",\"url\":\"https:\/\/langueetcom.fr\/\",\"sameAs\":[],\"logo\":{\"@type\":\"ImageObject\",\"@id\":\"https:\/\/langueetcom.fr\/#logo\",\"inLanguage\":\"fr-FR\",\"url\":\"https:\/\/langueetcom.fr\/wp-content\/uploads\/2020\/12\/langueetcom-logo-typoseule-004.png\",\"contentUrl\":\"https:\/\/langueetcom.fr\/wp-content\/uploads\/2020\/12\/langueetcom-logo-typoseule-004.png\",\"width\":909,\"height\":268,\"caption\":\"Langue et Communication\"},\"image\":{\"@id\":\"https:\/\/langueetcom.fr\/#logo\"}},{\"@type\":\"WebSite\",\"@id\":\"https:\/\/langueetcom.fr\/#website\",\"url\":\"https:\/\/langueetcom.fr\/\",\"name\":\"Langue et Communication\",\"description\":\"Centre de formation pour un apprentissage du fran\\u00e7aisriche de sens\",\"publisher\":{\"@id\":\"https:\/\/langueetcom.fr\/#organization\"},\"potentialAction\":[{\"@type\":\"SearchAction\",\"target\":\"https:\/\/langueetcom.fr\/?s={search_term_string}\",\"query-input\":\"required name=search_term_string\"}],\"inLanguage\":\"fr-FR\"},{\"@type\":\"ImageObject\",\"@id\":\"https:\/\/langueetcom.fr\/tout-public\/envie-de-progresser-en-francais-des-la-rentree-consultez-notre-nouvelle-offre-de-cours\/#primaryimage\",\"inLanguage\":\"fr-FR\",\"url\":\"https:\/\/langueetcom.fr\/wp-content\/uploads\/2020\/01\/CCAS_ACE_64.jpg\",\"contentUrl\":\"https:\/\/langueetcom.fr\/wp-content\/uploads\/2020\/01\/CCAS_ACE_64.jpg\",\"width\":1280,\"height\":853,\"caption\":\"\\u00a9 A-C. Est\\u00e8ve\"},{\"@type\":\"WebPage\",\"@id\":\"https:\/\/langueetcom.fr\/tout-public\/envie-de-progresser-en-francais-des-la-rentree-consultez-notre-nouvelle-offre-de-cours\/#webpage\",\"url\":\"https:\/\/langueetcom.fr\/tout-public\/envie-de-progresser-en-francais-des-la-rentree-consultez-notre-nouvelle-offre-de-cours\/\",\"name\":\"Envie de progresser en fran\\u00e7ais d\\u00e8s la rentr\\u00e9e ? Consultez notre offre de cours \\u00e0 partir de septembre ! | Langue et Communication\",\"isPartOf\":{\"@id\":\"https:\/\/langueetcom.fr\/#website\"},\"primaryImageOfPage\":{\"@id\":\"https:\/\/langueetcom.fr\/tout-public\/envie-de-progresser-en-francais-des-la-rentree-consultez-notre-nouvelle-offre-de-cours\/#primaryimage\"},\"datePublished\":\"2025-07-11T13:05:33+00:00\",\"dateModified\":\"2025-11-13T13:49:30+00:00\",\"breadcrumb\":{\"@id\":\"https:\/\/langueetcom.fr\/tout-public\/envie-de-progresser-en-francais-des-la-rentree-consultez-notre-nouvelle-offre-de-cours\/#breadcrumb\"},\"inLanguage\":\"fr-FR\",\"potentialAction\":[{\"@type\":\"ReadAction\",\"target\":[\"https:\/\/langueetcom.fr\/tout-public\/envie-de-progresser-en-francais-des-la-rentree-consultez-notre-nouvelle-offre-de-cours\/\"]}]},{\"@type\":\"BreadcrumbList\",\"@id\":\"https:\/\/langueetcom.fr\/tout-public\/envie-de-progresser-en-francais-des-la-rentree-consultez-notre-nouvelle-offre-de-cours\/#breadcrumb\",\"itemListElement\":[{\"@type\":\"ListItem\",\"position\":1,\"item\":{\"@type\":\"WebPage\",\"@id\":\"https:\/\/langueetcom.fr\/\",\"url\":\"https:\/\/langueetcom.fr\/\",\"name\":\"Accueil\"}},{\"@type\":\"ListItem\",\"position\":2,\"item\":{\"@id\":\"https:\/\/langueetcom.fr\/tout-public\/envie-de-progresser-en-francais-des-la-rentree-consultez-notre-nouvelle-offre-de-cours\/#webpage\"}}]},{\"@type\":\"Article\",\"@id\":\"https:\/\/langueetcom.fr\/tout-public\/envie-de-progresser-en-francais-des-la-rentree-consultez-notre-nouvelle-offre-de-cours\/#article\",\"isPartOf\":{\"@id\":\"https:\/\/langueetcom.fr\/tout-public\/envie-de-progresser-en-francais-des-la-rentree-consultez-notre-nouvelle-offre-de-cours\/#webpage\"},\"author\":{\"@id\":\"https:\/\/langueetcom.fr\/#\/schema\/person\/e619bae5f71f0170943f1b7b251a2017\"},\"headline\":\"Envie de progresser en fran\\u00e7ais d\\u00e8s la rentr\\u00e9e ? Consultez notre offre de cours \\u00e0 partir de septembre !\",\"datePublished\":\"2025-07-11T13:05:33+00:00\",\"dateModified\":\"2025-11-13T13:49:30+00:00\",\"mainEntityOfPage\":{\"@id\":\"https:\/\/langueetcom.fr\/tout-public\/envie-de-progresser-en-francais-des-la-rentree-consultez-notre-nouvelle-offre-de-cours\/#webpage\"},\"wordCount\":233,\"publisher\":{\"@id\":\"https:\/\/langueetcom.fr\/#organization\"},\"image\":{\"@id\":\"https:\/\/langueetcom.fr\/tout-public\/envie-de-progresser-en-francais-des-la-rentree-consultez-notre-nouvelle-offre-de-cours\/#primaryimage\"},\"thumbnailUrl\":\"https:\/\/langueetcom.fr\/wp-content\/uploads\/2020\/01\/CCAS_ACE_64.jpg\",\"articleSection\":[\"Tout public\"],\"inLanguage\":\"fr-FR\"},{\"@type\":\"Person\",\"@id\":\"https:\/\/langueetcom.fr\/#\/schema\/person\/e619bae5f71f0170943f1b7b251a2017\",\"name\":\"Chlo\\u00e9 LE VACON\",\"image\":{\"@type\":\"ImageObject\",\"@id\":\"https:\/\/langueetcom.fr\/#personlogo\",\"inLanguage\":\"fr-FR\",\"url\":\"https:\/\/secure.gravatar.com\/avatar\/9bc6a393034347824a1203396f6606d7?s=96&d=retro&r=g\",\"contentUrl\":\"https:\/\/secure.gravatar.com\/avatar\/9bc6a393034347824a1203396f6606d7?s=96&d=retro&r=g\",\"caption\":\"Chlo\\u00e9 LE VACON\"},\"url\":\"https:\/\/langueetcom.fr\/author\/chloe\/\"}]}<\/script>\n<!-- \/ Yoast SEO plugin. -->","_links":{"self":[{"href":"https:\/\/langueetcom.fr\/api\/wp\/v2\/posts\/39715"}],"collection":[{"href":"https:\/\/langueetcom.fr\/api\/wp\/v2\/posts"}],"about":[{"href":"https:\/\/langueetcom.fr\/api\/wp\/v2\/types\/post"}],"author":[{"embeddable":true,"href":"https:\/\/langueetcom.fr\/api\/wp\/v2\/users\/9"}],"replies":[{"embeddable":true,"href":"https:\/\/langueetcom.fr\/api\/wp\/v2\/comments?post=39715"}],"version-history":[{"count":8,"href":"https:\/\/langueetcom.fr\/api\/wp\/v2\/posts\/39715\/revisions"}],"predecessor-version":[{"id":39723,"href":"https:\/\/langueetcom.fr\/api\/wp\/v2\/posts\/39715\/revisions\/39723"}],"wp:featuredmedia":[{"embeddable":true,"href":"https:\/\/langueetcom.fr\/api\/wp\/v2\/media\/267"}],"wp:attachment":[{"href":"https:\/\/langueetcom.fr\/api\/wp\/v2\/media?parent=39715"}],"wp:term":[{"taxonomy":"category","embeddable":true,"href":"https:\/\/langueetcom.fr\/api\/wp\/v2\/categories?post=39715"},{"taxonomy":"post_tag","embeddable":true,"href":"https:\/\/langueetcom.fr\/api\/wp\/v2\/tags?post=39715"},{"taxonomy":"post_series","embeddable":true,"href":"https:\/\/langueetcom.fr\/api\/wp\/v2\/post_series?post=39715"}],"curies":[{"name":"wp","href":"https:\/\/api.w.org\/{rel}","templated":true}]}}