{"id":39877,"date":"2025-07-18T09:20:31","date_gmt":"2025-07-18T07:20:31","guid":{"rendered":"https:\/\/langueetcom.fr\/?p=39877"},"modified":"2025-09-18T12:29:10","modified_gmt":"2025-09-18T10:29:10","slug":"bienvenue-aux-etudiant%c2%b7es-chinois%c2%b7es","status":"publish","type":"post","link":"https:\/\/langueetcom.fr\/tout-public\/bienvenue-aux-etudiant%c2%b7es-chinois%c2%b7es\/","title":{"rendered":"Bienvenue aux \u00e9tudiant\u00b7es chinois\u00b7es !"},"content":{"rendered":"\n<p>Le 30 juin dernier, dans le cadre d&rsquo;un partenariat avec l&rsquo;Ecole nationale sup\u00e9rieure de Chimie (<a href=\"https:\/\/www.ensc-rennes.fr\/\" target=\"_blank\" rel=\"noreferrer noopener\">ENSCR<\/a>), Langue &amp; Communication a accueilli des \u00e9tudiant\u00b7es chinois\u00b7es pour une dur\u00e9e de 3 semaines, dans le but de progresser en fran\u00e7ais. Tous \u00e2g\u00e9\u00b7es entre 19 et 20 ans, c\u2019est \u00e0 Shanghai qu\u2019ils \u00e9tudient le reste de l\u2019ann\u00e9e.<\/p>\n\n\n\n<p>Apr\u00e8s avoir pass\u00e9 un test de niveau de fran\u00e7ais, les \u00e9tudiant\u00b7es ont \u00e9t\u00e9 r\u00e9parti\u00b7es dans deux groupes de niveau &#8211; A2 ou B1 &#8211; afin de maximiser leur chance de progresser et de s\u2019\u00e9panouir dans leur apprentissage.<\/p>\n\n\n\n<p>A Langue &amp; Communication, aucune comp\u00e9tence n\u2019est laiss\u00e9e pour compte ! Expression orale, expression \u00e9crite, compr\u00e9hension orale et compr\u00e9hension \u00e9crite : nos formateurs\u00b7rices d\u00e9ploient toute leur \u00e9nergie pour permettre \u00e0 ces futur\u00b7es chimistes de monter en comp\u00e9tences.<\/p>\n\n\n\n<p>Et comme on sait que l\u2019immersion est la meilleure mani\u00e8re d&rsquo;apprendre, nous organisons \u00e9galement de nombreuses visites aux 4 coins de Rennes pour leur faire d\u00e9couvrir notre ville et son histoire.<\/p>\n\n\n\n<p>Ces 22 \u00e9tudiant\u00b7es sont tous\u00b7tes log\u00e9\u00b7es dans des familles d\u2019accueil qui sont ravies de leur faire d\u00e9couvrir les alentours de Rennes : Le Mont Saint-Michel, Dinan, Saint-Malo, Dinard\u2026 Bref : les incontournables.<\/p>\n\n\n\n<p>Bilan de ces deux premi\u00e8res semaines, ils sentent d\u00e9j\u00e0 beaucoup de progr\u00e8s ; de quoi les motiver pour cette derni\u00e8re semaine !<\/p>\n\n\n\n<hr class=\"wp-block-separator\"\/>\n\n\n\n<p><\/p>\n","protected":false},"excerpt":{"rendered":"<p>Le 30 juin dernier, dans le cadre d&rsquo;un partenariat avec l&rsquo;Ecole nationale sup\u00e9rieure de Chimie (ENSCR), Langue &amp; Communication a accueilli des \u00e9tudiant\u00b7es chinois\u00b7es pour une dur\u00e9e de 3 semaines, dans le but de progresser en fran\u00e7ais. Tous \u00e2g\u00e9\u00b7es entre&hellip;<\/p>\n","protected":false},"author":9,"featured_media":39887,"comment_status":"closed","ping_status":"open","sticky":false,"template":"","format":"standard","meta":{"_EventAllDay":false,"_EventTimezone":"","_EventStartDate":"","_EventEndDate":"","_EventStartDateUTC":"","_EventEndDateUTC":"","_EventShowMap":false,"_EventShowMapLink":false,"_EventURL":"","_EventCost":"","_EventCostDescription":"","_EventCurrencySymbol":"","_EventCurrencyPosition":"","_EventDateTimeSeparator":"","_EventTimeRangeSeparator":"","_EventOrganizerID":[],"_EventVenueID":0,"_OrganizerEmail":"","_OrganizerPhone":"","_OrganizerWebsite":"","_VenueAddress":"","_VenueCity":"","_VenueCountry":"","_VenueProvince":"","_VenueZip":"","_VenuePhone":"","_VenueURL":"","_VenueStateProvince":"","_VenueLat":"","_VenueLng":""},"categories":[17],"tags":[],"post_series":[],"yoast_head":"<!-- This site is optimized with the Yoast SEO plugin v16.4 - https:\/\/yoast.com\/wordpress\/plugins\/seo\/ -->\n<title>Bienvenue aux \u00e9tudiant\u00b7es chinois\u00b7es ! | Langue et Communication<\/title>\n<meta name=\"robots\" content=\"index, follow, max-snippet:-1, max-image-preview:large, max-video-preview:-1\" \/>\n<link rel=\"canonical\" href=\"https:\/\/langueetcom.fr\/tout-public\/bienvenue-aux-etudiant\u00b7es-chinois\u00b7es\/\" \/>\n<meta property=\"og:locale\" content=\"fr_FR\" \/>\n<meta property=\"og:type\" content=\"article\" \/>\n<meta property=\"og:title\" content=\"Bienvenue aux \u00e9tudiant\u00b7es chinois\u00b7es ! | Langue et Communication\" \/>\n<meta property=\"og:description\" content=\"Le 30 juin dernier, dans le cadre d&rsquo;un partenariat avec l&rsquo;Ecole nationale sup\u00e9rieure de Chimie (ENSCR), Langue &amp; Communication a accueilli des \u00e9tudiant\u00b7es chinois\u00b7es pour une dur\u00e9e de 3 semaines, dans le but de progresser en fran\u00e7ais. Tous \u00e2g\u00e9\u00b7es entre&hellip;\" \/>\n<meta property=\"og:url\" content=\"https:\/\/langueetcom.fr\/tout-public\/bienvenue-aux-etudiant\u00b7es-chinois\u00b7es\/\" \/>\n<meta property=\"og:site_name\" content=\"Langue et Communication\" \/>\n<meta property=\"article:published_time\" content=\"2025-07-18T07:20:31+00:00\" \/>\n<meta property=\"article:modified_time\" content=\"2025-09-18T10:29:10+00:00\" \/>\n<meta property=\"og:image\" content=\"https:\/\/langueetcom.fr\/wp-content\/uploads\/PXL_20250702_134242394-Groupe.jpg\" \/>\n\t<meta property=\"og:image:width\" content=\"2002\" \/>\n\t<meta property=\"og:image:height\" content=\"1083\" \/>\n<meta name=\"twitter:card\" content=\"summary_large_image\" \/>\n<meta name=\"twitter:label1\" content=\"Dur\u00e9e de lecture est.\" \/>\n\t<meta name=\"twitter:data1\" content=\"1 minute\" \/>\n<script type=\"application\/ld+json\" class=\"yoast-schema-graph\">{\"@context\":\"https:\/\/schema.org\",\"@graph\":[{\"@type\":\"Organization\",\"@id\":\"https:\/\/langueetcom.fr\/#organization\",\"name\":\"Langue et Communication\",\"url\":\"https:\/\/langueetcom.fr\/\",\"sameAs\":[],\"logo\":{\"@type\":\"ImageObject\",\"@id\":\"https:\/\/langueetcom.fr\/#logo\",\"inLanguage\":\"fr-FR\",\"url\":\"https:\/\/langueetcom.fr\/wp-content\/uploads\/2020\/12\/langueetcom-logo-typoseule-004.png\",\"contentUrl\":\"https:\/\/langueetcom.fr\/wp-content\/uploads\/2020\/12\/langueetcom-logo-typoseule-004.png\",\"width\":909,\"height\":268,\"caption\":\"Langue et Communication\"},\"image\":{\"@id\":\"https:\/\/langueetcom.fr\/#logo\"}},{\"@type\":\"WebSite\",\"@id\":\"https:\/\/langueetcom.fr\/#website\",\"url\":\"https:\/\/langueetcom.fr\/\",\"name\":\"Langue et Communication\",\"description\":\"Centre de formation pour un apprentissage du fran\\u00e7aisriche de sens\",\"publisher\":{\"@id\":\"https:\/\/langueetcom.fr\/#organization\"},\"potentialAction\":[{\"@type\":\"SearchAction\",\"target\":\"https:\/\/langueetcom.fr\/?s={search_term_string}\",\"query-input\":\"required name=search_term_string\"}],\"inLanguage\":\"fr-FR\"},{\"@type\":\"ImageObject\",\"@id\":\"https:\/\/langueetcom.fr\/tout-public\/bienvenue-aux-etudiant%c2%b7es-chinois%c2%b7es\/#primaryimage\",\"inLanguage\":\"fr-FR\",\"url\":\"https:\/\/langueetcom.fr\/wp-content\/uploads\/PXL_20250702_134242394-Groupe.jpg\",\"contentUrl\":\"https:\/\/langueetcom.fr\/wp-content\/uploads\/PXL_20250702_134242394-Groupe.jpg\",\"width\":2002,\"height\":1083},{\"@type\":\"WebPage\",\"@id\":\"https:\/\/langueetcom.fr\/tout-public\/bienvenue-aux-etudiant%c2%b7es-chinois%c2%b7es\/#webpage\",\"url\":\"https:\/\/langueetcom.fr\/tout-public\/bienvenue-aux-etudiant%c2%b7es-chinois%c2%b7es\/\",\"name\":\"Bienvenue aux \\u00e9tudiant\\u00b7es chinois\\u00b7es ! | Langue et Communication\",\"isPartOf\":{\"@id\":\"https:\/\/langueetcom.fr\/#website\"},\"primaryImageOfPage\":{\"@id\":\"https:\/\/langueetcom.fr\/tout-public\/bienvenue-aux-etudiant%c2%b7es-chinois%c2%b7es\/#primaryimage\"},\"datePublished\":\"2025-07-18T07:20:31+00:00\",\"dateModified\":\"2025-09-18T10:29:10+00:00\",\"breadcrumb\":{\"@id\":\"https:\/\/langueetcom.fr\/tout-public\/bienvenue-aux-etudiant%c2%b7es-chinois%c2%b7es\/#breadcrumb\"},\"inLanguage\":\"fr-FR\",\"potentialAction\":[{\"@type\":\"ReadAction\",\"target\":[\"https:\/\/langueetcom.fr\/tout-public\/bienvenue-aux-etudiant%c2%b7es-chinois%c2%b7es\/\"]}]},{\"@type\":\"BreadcrumbList\",\"@id\":\"https:\/\/langueetcom.fr\/tout-public\/bienvenue-aux-etudiant%c2%b7es-chinois%c2%b7es\/#breadcrumb\",\"itemListElement\":[{\"@type\":\"ListItem\",\"position\":1,\"item\":{\"@type\":\"WebPage\",\"@id\":\"https:\/\/langueetcom.fr\/\",\"url\":\"https:\/\/langueetcom.fr\/\",\"name\":\"Accueil\"}},{\"@type\":\"ListItem\",\"position\":2,\"item\":{\"@id\":\"https:\/\/langueetcom.fr\/tout-public\/bienvenue-aux-etudiant%c2%b7es-chinois%c2%b7es\/#webpage\"}}]},{\"@type\":\"Article\",\"@id\":\"https:\/\/langueetcom.fr\/tout-public\/bienvenue-aux-etudiant%c2%b7es-chinois%c2%b7es\/#article\",\"isPartOf\":{\"@id\":\"https:\/\/langueetcom.fr\/tout-public\/bienvenue-aux-etudiant%c2%b7es-chinois%c2%b7es\/#webpage\"},\"author\":{\"@id\":\"https:\/\/langueetcom.fr\/#\/schema\/person\/e619bae5f71f0170943f1b7b251a2017\"},\"headline\":\"Bienvenue aux \\u00e9tudiant\\u00b7es chinois\\u00b7es !\",\"datePublished\":\"2025-07-18T07:20:31+00:00\",\"dateModified\":\"2025-09-18T10:29:10+00:00\",\"mainEntityOfPage\":{\"@id\":\"https:\/\/langueetcom.fr\/tout-public\/bienvenue-aux-etudiant%c2%b7es-chinois%c2%b7es\/#webpage\"},\"wordCount\":241,\"publisher\":{\"@id\":\"https:\/\/langueetcom.fr\/#organization\"},\"image\":{\"@id\":\"https:\/\/langueetcom.fr\/tout-public\/bienvenue-aux-etudiant%c2%b7es-chinois%c2%b7es\/#primaryimage\"},\"thumbnailUrl\":\"https:\/\/langueetcom.fr\/wp-content\/uploads\/PXL_20250702_134242394-Groupe.jpg\",\"articleSection\":[\"Tout public\"],\"inLanguage\":\"fr-FR\"},{\"@type\":\"Person\",\"@id\":\"https:\/\/langueetcom.fr\/#\/schema\/person\/e619bae5f71f0170943f1b7b251a2017\",\"name\":\"Chlo\\u00e9 LE VACON\",\"image\":{\"@type\":\"ImageObject\",\"@id\":\"https:\/\/langueetcom.fr\/#personlogo\",\"inLanguage\":\"fr-FR\",\"url\":\"https:\/\/secure.gravatar.com\/avatar\/9bc6a393034347824a1203396f6606d7?s=96&d=retro&r=g\",\"contentUrl\":\"https:\/\/secure.gravatar.com\/avatar\/9bc6a393034347824a1203396f6606d7?s=96&d=retro&r=g\",\"caption\":\"Chlo\\u00e9 LE VACON\"},\"url\":\"https:\/\/langueetcom.fr\/author\/chloe\/\"}]}<\/script>\n<!-- \/ Yoast SEO plugin. -->","_links":{"self":[{"href":"https:\/\/langueetcom.fr\/api\/wp\/v2\/posts\/39877"}],"collection":[{"href":"https:\/\/langueetcom.fr\/api\/wp\/v2\/posts"}],"about":[{"href":"https:\/\/langueetcom.fr\/api\/wp\/v2\/types\/post"}],"author":[{"embeddable":true,"href":"https:\/\/langueetcom.fr\/api\/wp\/v2\/users\/9"}],"replies":[{"embeddable":true,"href":"https:\/\/langueetcom.fr\/api\/wp\/v2\/comments?post=39877"}],"version-history":[{"count":3,"href":"https:\/\/langueetcom.fr\/api\/wp\/v2\/posts\/39877\/revisions"}],"predecessor-version":[{"id":39889,"href":"https:\/\/langueetcom.fr\/api\/wp\/v2\/posts\/39877\/revisions\/39889"}],"wp:featuredmedia":[{"embeddable":true,"href":"https:\/\/langueetcom.fr\/api\/wp\/v2\/media\/39887"}],"wp:attachment":[{"href":"https:\/\/langueetcom.fr\/api\/wp\/v2\/media?parent=39877"}],"wp:term":[{"taxonomy":"category","embeddable":true,"href":"https:\/\/langueetcom.fr\/api\/wp\/v2\/categories?post=39877"},{"taxonomy":"post_tag","embeddable":true,"href":"https:\/\/langueetcom.fr\/api\/wp\/v2\/tags?post=39877"},{"taxonomy":"post_series","embeddable":true,"href":"https:\/\/langueetcom.fr\/api\/wp\/v2\/post_series?post=39877"}],"curies":[{"name":"wp","href":"https:\/\/api.w.org\/{rel}","templated":true}]}}