{"id":41070,"date":"2025-09-23T11:14:52","date_gmt":"2025-09-23T09:14:52","guid":{"rendered":"https:\/\/langueetcom.fr\/?p=41070"},"modified":"2025-10-03T15:10:50","modified_gmt":"2025-10-03T13:10:50","slug":"fermeture-exceptionnelle-mardi-23-09-apres-midi","status":"publish","type":"post","link":"https:\/\/langueetcom.fr\/tout-public\/fermeture-exceptionnelle-mardi-23-09-apres-midi\/","title":{"rendered":"Fermeture exceptionnelle &#8211; mardi 23\/09 apr\u00e8s-midi"},"content":{"rendered":"\n<p>L&rsquo;accueil de Langue et Communication sera exceptionnellement ferm\u00e9 mardi 23 septembre de 14h \u00e0 16h45.<\/p>\n\n\n\n<p>R\u00e9ouverture jeudi 25 septembre \u00e0 9h.<\/p>\n\n\n\n<p>Merci de votre compr\u00e9hension<\/p>\n","protected":false},"excerpt":{"rendered":"<p>L&rsquo;accueil de Langue et Communication sera exceptionnellement ferm\u00e9 mardi 23 septembre de 14h \u00e0 16h45. R\u00e9ouverture jeudi 25 septembre \u00e0 9h. Merci de votre compr\u00e9hension<\/p>\n","protected":false},"author":9,"featured_media":33370,"comment_status":"closed","ping_status":"open","sticky":false,"template":"","format":"standard","meta":{"_EventAllDay":false,"_EventTimezone":"","_EventStartDate":"","_EventEndDate":"","_EventStartDateUTC":"","_EventEndDateUTC":"","_EventShowMap":false,"_EventShowMapLink":false,"_EventURL":"","_EventCost":"","_EventCostDescription":"","_EventCurrencySymbol":"","_EventCurrencyPosition":"","_EventDateTimeSeparator":"","_EventTimeRangeSeparator":"","_EventOrganizerID":[],"_EventVenueID":0,"_OrganizerEmail":"","_OrganizerPhone":"","_OrganizerWebsite":"","_VenueAddress":"","_VenueCity":"","_VenueCountry":"","_VenueProvince":"","_VenueZip":"","_VenuePhone":"","_VenueURL":"","_VenueStateProvince":"","_VenueLat":"","_VenueLng":""},"categories":[17],"tags":[],"post_series":[],"yoast_head":"<!-- This site is optimized with the Yoast SEO plugin v16.4 - https:\/\/yoast.com\/wordpress\/plugins\/seo\/ -->\n<title>Fermeture exceptionnelle - mardi 23\/09 apr\u00e8s-midi | Langue et Communication<\/title>\n<meta name=\"robots\" content=\"index, follow, max-snippet:-1, max-image-preview:large, max-video-preview:-1\" \/>\n<link rel=\"canonical\" href=\"https:\/\/langueetcom.fr\/tout-public\/fermeture-exceptionnelle-mardi-23-09-apres-midi\/\" \/>\n<meta property=\"og:locale\" content=\"fr_FR\" \/>\n<meta property=\"og:type\" content=\"article\" \/>\n<meta property=\"og:title\" content=\"Fermeture exceptionnelle - mardi 23\/09 apr\u00e8s-midi | Langue et Communication\" \/>\n<meta property=\"og:description\" content=\"L&rsquo;accueil de Langue et Communication sera exceptionnellement ferm\u00e9 mardi 23 septembre de 14h \u00e0 16h45. R\u00e9ouverture jeudi 25 septembre \u00e0 9h. Merci de votre compr\u00e9hension\" \/>\n<meta property=\"og:url\" content=\"https:\/\/langueetcom.fr\/tout-public\/fermeture-exceptionnelle-mardi-23-09-apres-midi\/\" \/>\n<meta property=\"og:site_name\" content=\"Langue et Communication\" \/>\n<meta property=\"article:published_time\" content=\"2025-09-23T09:14:52+00:00\" \/>\n<meta property=\"article:modified_time\" content=\"2025-10-03T13:10:50+00:00\" \/>\n<meta property=\"og:image\" content=\"https:\/\/langueetcom.fr\/wp-content\/uploads\/megaphone.png\" \/>\n\t<meta property=\"og:image:width\" content=\"489\" \/>\n\t<meta property=\"og:image:height\" content=\"380\" \/>\n<meta name=\"twitter:card\" content=\"summary_large_image\" \/>\n<meta name=\"twitter:label1\" content=\"Dur\u00e9e de lecture est.\" \/>\n\t<meta name=\"twitter:data1\" content=\"1 minute\" \/>\n<script type=\"application\/ld+json\" class=\"yoast-schema-graph\">{\"@context\":\"https:\/\/schema.org\",\"@graph\":[{\"@type\":\"Organization\",\"@id\":\"https:\/\/langueetcom.fr\/#organization\",\"name\":\"Langue et Communication\",\"url\":\"https:\/\/langueetcom.fr\/\",\"sameAs\":[],\"logo\":{\"@type\":\"ImageObject\",\"@id\":\"https:\/\/langueetcom.fr\/#logo\",\"inLanguage\":\"fr-FR\",\"url\":\"https:\/\/langueetcom.fr\/wp-content\/uploads\/2020\/12\/langueetcom-logo-typoseule-004.png\",\"contentUrl\":\"https:\/\/langueetcom.fr\/wp-content\/uploads\/2020\/12\/langueetcom-logo-typoseule-004.png\",\"width\":909,\"height\":268,\"caption\":\"Langue et Communication\"},\"image\":{\"@id\":\"https:\/\/langueetcom.fr\/#logo\"}},{\"@type\":\"WebSite\",\"@id\":\"https:\/\/langueetcom.fr\/#website\",\"url\":\"https:\/\/langueetcom.fr\/\",\"name\":\"Langue et Communication\",\"description\":\"Centre de formation pour un apprentissage du fran\\u00e7aisriche de sens\",\"publisher\":{\"@id\":\"https:\/\/langueetcom.fr\/#organization\"},\"potentialAction\":[{\"@type\":\"SearchAction\",\"target\":\"https:\/\/langueetcom.fr\/?s={search_term_string}\",\"query-input\":\"required name=search_term_string\"}],\"inLanguage\":\"fr-FR\"},{\"@type\":\"ImageObject\",\"@id\":\"https:\/\/langueetcom.fr\/tout-public\/fermeture-exceptionnelle-mardi-23-09-apres-midi\/#primaryimage\",\"inLanguage\":\"fr-FR\",\"url\":\"https:\/\/langueetcom.fr\/wp-content\/uploads\/megaphone.png\",\"contentUrl\":\"https:\/\/langueetcom.fr\/wp-content\/uploads\/megaphone.png\",\"width\":489,\"height\":380},{\"@type\":\"WebPage\",\"@id\":\"https:\/\/langueetcom.fr\/tout-public\/fermeture-exceptionnelle-mardi-23-09-apres-midi\/#webpage\",\"url\":\"https:\/\/langueetcom.fr\/tout-public\/fermeture-exceptionnelle-mardi-23-09-apres-midi\/\",\"name\":\"Fermeture exceptionnelle - mardi 23\/09 apr\\u00e8s-midi | Langue et Communication\",\"isPartOf\":{\"@id\":\"https:\/\/langueetcom.fr\/#website\"},\"primaryImageOfPage\":{\"@id\":\"https:\/\/langueetcom.fr\/tout-public\/fermeture-exceptionnelle-mardi-23-09-apres-midi\/#primaryimage\"},\"datePublished\":\"2025-09-23T09:14:52+00:00\",\"dateModified\":\"2025-10-03T13:10:50+00:00\",\"breadcrumb\":{\"@id\":\"https:\/\/langueetcom.fr\/tout-public\/fermeture-exceptionnelle-mardi-23-09-apres-midi\/#breadcrumb\"},\"inLanguage\":\"fr-FR\",\"potentialAction\":[{\"@type\":\"ReadAction\",\"target\":[\"https:\/\/langueetcom.fr\/tout-public\/fermeture-exceptionnelle-mardi-23-09-apres-midi\/\"]}]},{\"@type\":\"BreadcrumbList\",\"@id\":\"https:\/\/langueetcom.fr\/tout-public\/fermeture-exceptionnelle-mardi-23-09-apres-midi\/#breadcrumb\",\"itemListElement\":[{\"@type\":\"ListItem\",\"position\":1,\"item\":{\"@type\":\"WebPage\",\"@id\":\"https:\/\/langueetcom.fr\/\",\"url\":\"https:\/\/langueetcom.fr\/\",\"name\":\"Accueil\"}},{\"@type\":\"ListItem\",\"position\":2,\"item\":{\"@id\":\"https:\/\/langueetcom.fr\/tout-public\/fermeture-exceptionnelle-mardi-23-09-apres-midi\/#webpage\"}}]},{\"@type\":\"Article\",\"@id\":\"https:\/\/langueetcom.fr\/tout-public\/fermeture-exceptionnelle-mardi-23-09-apres-midi\/#article\",\"isPartOf\":{\"@id\":\"https:\/\/langueetcom.fr\/tout-public\/fermeture-exceptionnelle-mardi-23-09-apres-midi\/#webpage\"},\"author\":{\"@id\":\"https:\/\/langueetcom.fr\/#\/schema\/person\/e619bae5f71f0170943f1b7b251a2017\"},\"headline\":\"Fermeture exceptionnelle &#8211; mardi 23\/09 apr\\u00e8s-midi\",\"datePublished\":\"2025-09-23T09:14:52+00:00\",\"dateModified\":\"2025-10-03T13:10:50+00:00\",\"mainEntityOfPage\":{\"@id\":\"https:\/\/langueetcom.fr\/tout-public\/fermeture-exceptionnelle-mardi-23-09-apres-midi\/#webpage\"},\"wordCount\":29,\"publisher\":{\"@id\":\"https:\/\/langueetcom.fr\/#organization\"},\"image\":{\"@id\":\"https:\/\/langueetcom.fr\/tout-public\/fermeture-exceptionnelle-mardi-23-09-apres-midi\/#primaryimage\"},\"thumbnailUrl\":\"https:\/\/langueetcom.fr\/wp-content\/uploads\/megaphone.png\",\"articleSection\":[\"Tout public\"],\"inLanguage\":\"fr-FR\"},{\"@type\":\"Person\",\"@id\":\"https:\/\/langueetcom.fr\/#\/schema\/person\/e619bae5f71f0170943f1b7b251a2017\",\"name\":\"Chlo\\u00e9 LE VACON\",\"image\":{\"@type\":\"ImageObject\",\"@id\":\"https:\/\/langueetcom.fr\/#personlogo\",\"inLanguage\":\"fr-FR\",\"url\":\"https:\/\/secure.gravatar.com\/avatar\/9bc6a393034347824a1203396f6606d7?s=96&d=retro&r=g\",\"contentUrl\":\"https:\/\/secure.gravatar.com\/avatar\/9bc6a393034347824a1203396f6606d7?s=96&d=retro&r=g\",\"caption\":\"Chlo\\u00e9 LE VACON\"},\"url\":\"https:\/\/langueetcom.fr\/author\/chloe\/\"}]}<\/script>\n<!-- \/ Yoast SEO plugin. -->","_links":{"self":[{"href":"https:\/\/langueetcom.fr\/api\/wp\/v2\/posts\/41070"}],"collection":[{"href":"https:\/\/langueetcom.fr\/api\/wp\/v2\/posts"}],"about":[{"href":"https:\/\/langueetcom.fr\/api\/wp\/v2\/types\/post"}],"author":[{"embeddable":true,"href":"https:\/\/langueetcom.fr\/api\/wp\/v2\/users\/9"}],"replies":[{"embeddable":true,"href":"https:\/\/langueetcom.fr\/api\/wp\/v2\/comments?post=41070"}],"version-history":[{"count":1,"href":"https:\/\/langueetcom.fr\/api\/wp\/v2\/posts\/41070\/revisions"}],"predecessor-version":[{"id":41071,"href":"https:\/\/langueetcom.fr\/api\/wp\/v2\/posts\/41070\/revisions\/41071"}],"wp:featuredmedia":[{"embeddable":true,"href":"https:\/\/langueetcom.fr\/api\/wp\/v2\/media\/33370"}],"wp:attachment":[{"href":"https:\/\/langueetcom.fr\/api\/wp\/v2\/media?parent=41070"}],"wp:term":[{"taxonomy":"category","embeddable":true,"href":"https:\/\/langueetcom.fr\/api\/wp\/v2\/categories?post=41070"},{"taxonomy":"post_tag","embeddable":true,"href":"https:\/\/langueetcom.fr\/api\/wp\/v2\/tags?post=41070"},{"taxonomy":"post_series","embeddable":true,"href":"https:\/\/langueetcom.fr\/api\/wp\/v2\/post_series?post=41070"}],"curies":[{"name":"wp","href":"https:\/\/api.w.org\/{rel}","templated":true}]}}