{"id":42254,"date":"2026-01-06T12:07:47","date_gmt":"2026-01-06T11:07:47","guid":{"rendered":"https:\/\/langueetcom.fr\/?p=42254"},"modified":"2026-01-26T14:46:57","modified_gmt":"2026-01-26T13:46:57","slug":"venez-applaudir-nos-apprenants-en-francais-langue-etrangere-sur-les-planches-du-theatre-de-la-paillette-le-mardi-20-janvier-2026-a-19h","status":"publish","type":"post","link":"https:\/\/langueetcom.fr\/tout-public\/venez-applaudir-nos-apprenants-en-francais-langue-etrangere-sur-les-planches-du-theatre-de-la-paillette-le-mardi-20-janvier-2026-a-19h\/","title":{"rendered":"Venez applaudir nos apprenants en fran\u00e7ais langue \u00e9trang\u00e8re sur les planches du th\u00e9\u00e2tre de la Paillette le mardi 20 janvier 2026 \u00e0 19h"},"content":{"rendered":"\n<p>Ils et elles ont travaill\u00e9 d&rsquo;arrache pied et sont fi\u00e8r\u00b7e\u00b7s de vous pr\u00e9senter leur travail lors d&rsquo;un spectacle restitution le mardi 20 janvier 2026 \u00e0 19h, au th\u00e9\u00e2tre de la Paillette. Ils et elles, ce sont les apprenant\u00b7e\u00b7s de fran\u00e7ais langue \u00e9trang\u00e8re qui ont \u00e9t\u00e9 accompagn\u00e9s pendant 3 mois par une formatrice de FLE (fran\u00e7ais langue \u00e9trang\u00e8re) et 2 metteuses en sc\u00e8ne de la compagnie <strong>13\/10\u00e8 en Ut <\/strong>pour apprendre le fran\u00e7ais \u00e0 travers la pratique du th\u00e9\u00e2tre. Une exp\u00e9rience inoubliable pour toutes et tous, h\u00e9berg\u00e9e \u00e0 <strong>la Paillette,<\/strong> que nous remercions chaleureusement pour leur accueil, ainsi que tous\u00b7tes les participant\u00b7e\u00b7s et les accompagnatrices pour leur engagement dans ce projet riche de sens.<\/p>\n\n\n\n<p>Entr\u00e9e gratuite, sur inscription, par ici&nbsp;<img src=\"https:\/\/statics.teams.cdn.office.net\/evergreen-assets\/personal-expressions\/v2\/assets\/emoticons\/pointrightindex\/default\/20_f.png\" alt=\"\ud83d\udc49\"> <a href=\"https:\/\/framaforms.org\/le-theatre-en-action-20-janvier-2026-19h-theatre-de-la-paillette-6-rue-louis-guilloux-1765892118\" rel=\"noreferrer noopener\" target=\"_blank\">Je m&rsquo;inscris pour la restitution th\u00e9\u00e2tre du 20 janvier 2026 \u00e0 19h.<\/a><\/p>\n\n\n\n<p>Le th\u00e9\u00e2tre en Action &#8211; 20 janvier 2026 &#8211; 19h &#8211; Th\u00e9\u00e2tre de la Paillette (6, rue Louis Guilloux)<\/p>\n\n\n\n<figure class=\"wp-block-image size-large\"><img loading=\"lazy\" width=\"724\" height=\"1024\" src=\"https:\/\/langueetcom.fr\/wp-content\/uploads\/Flyer-spectacle-Theatre-en-action-2025-1-1-724x1024.png\" alt=\"\" class=\"wp-image-42257\" srcset=\"https:\/\/langueetcom.fr\/wp-content\/uploads\/Flyer-spectacle-Theatre-en-action-2025-1-1-724x1024.png 724w, https:\/\/langueetcom.fr\/wp-content\/uploads\/Flyer-spectacle-Theatre-en-action-2025-1-1-212x300.png 212w, https:\/\/langueetcom.fr\/wp-content\/uploads\/Flyer-spectacle-Theatre-en-action-2025-1-1-768x1086.png 768w, https:\/\/langueetcom.fr\/wp-content\/uploads\/Flyer-spectacle-Theatre-en-action-2025-1-1-1086x1536.png 1086w, https:\/\/langueetcom.fr\/wp-content\/uploads\/Flyer-spectacle-Theatre-en-action-2025-1-1.png 1414w\" sizes=\"(max-width: 724px) 100vw, 724px\" \/><\/figure>\n","protected":false},"excerpt":{"rendered":"<p>Ils et elles ont travaill\u00e9 d&rsquo;arrache pied et sont fi\u00e8r\u00b7e\u00b7s de vous pr\u00e9senter leur travail lors d&rsquo;un spectacle restitution le mardi 20 janvier 2026 \u00e0 19h, au th\u00e9\u00e2tre de la Paillette. Ils et elles, ce sont les apprenant\u00b7e\u00b7s de fran\u00e7ais&hellip;<\/p>\n","protected":false},"author":9,"featured_media":42259,"comment_status":"closed","ping_status":"open","sticky":false,"template":"","format":"standard","meta":{"_EventAllDay":false,"_EventTimezone":"","_EventStartDate":"","_EventEndDate":"","_EventStartDateUTC":"","_EventEndDateUTC":"","_EventShowMap":false,"_EventShowMapLink":false,"_EventURL":"","_EventCost":"","_EventCostDescription":"","_EventCurrencySymbol":"","_EventCurrencyPosition":"","_EventDateTimeSeparator":"","_EventTimeRangeSeparator":"","_EventOrganizerID":[],"_EventVenueID":0,"_OrganizerEmail":"","_OrganizerPhone":"","_OrganizerWebsite":"","_VenueAddress":"","_VenueCity":"","_VenueCountry":"","_VenueProvince":"","_VenueZip":"","_VenuePhone":"","_VenueURL":"","_VenueStateProvince":"","_VenueLat":"","_VenueLng":""},"categories":[19,21,17],"tags":[],"post_series":[],"yoast_head":"<!-- This site is optimized with the Yoast SEO plugin v16.4 - https:\/\/yoast.com\/wordpress\/plugins\/seo\/ -->\n<title>Venez applaudir nos apprenants en fran\u00e7ais langue \u00e9trang\u00e8re sur les planches du th\u00e9\u00e2tre de la Paillette le mardi 20 janvier 2026 \u00e0 19h | Langue et Communication<\/title>\n<meta name=\"robots\" content=\"index, follow, max-snippet:-1, max-image-preview:large, max-video-preview:-1\" \/>\n<link rel=\"canonical\" href=\"https:\/\/langueetcom.fr\/tout-public\/venez-applaudir-nos-apprenants-en-francais-langue-etrangere-sur-les-planches-du-theatre-de-la-paillette-le-mardi-20-janvier-2026-a-19h\/\" \/>\n<meta property=\"og:locale\" content=\"fr_FR\" \/>\n<meta property=\"og:type\" content=\"article\" \/>\n<meta property=\"og:title\" content=\"Venez applaudir nos apprenants en fran\u00e7ais langue \u00e9trang\u00e8re sur les planches du th\u00e9\u00e2tre de la Paillette le mardi 20 janvier 2026 \u00e0 19h | Langue et Communication\" \/>\n<meta property=\"og:description\" content=\"Ils et elles ont travaill\u00e9 d&rsquo;arrache pied et sont fi\u00e8r\u00b7e\u00b7s de vous pr\u00e9senter leur travail lors d&rsquo;un spectacle restitution le mardi 20 janvier 2026 \u00e0 19h, au th\u00e9\u00e2tre de la Paillette. Ils et elles, ce sont les apprenant\u00b7e\u00b7s de fran\u00e7ais&hellip;\" \/>\n<meta property=\"og:url\" content=\"https:\/\/langueetcom.fr\/tout-public\/venez-applaudir-nos-apprenants-en-francais-langue-etrangere-sur-les-planches-du-theatre-de-la-paillette-le-mardi-20-janvier-2026-a-19h\/\" \/>\n<meta property=\"og:site_name\" content=\"Langue et Communication\" \/>\n<meta property=\"article:published_time\" content=\"2026-01-06T11:07:47+00:00\" \/>\n<meta property=\"article:modified_time\" content=\"2026-01-26T13:46:57+00:00\" \/>\n<meta property=\"og:image\" content=\"https:\/\/langueetcom.fr\/wp-content\/uploads\/Photo-affiche.jpg\" \/>\n\t<meta property=\"og:image:width\" content=\"2015\" \/>\n\t<meta property=\"og:image:height\" content=\"1321\" \/>\n<meta name=\"twitter:card\" content=\"summary_large_image\" \/>\n<meta name=\"twitter:label1\" content=\"Dur\u00e9e de lecture est.\" \/>\n\t<meta name=\"twitter:data1\" content=\"2 minutes\" \/>\n<script type=\"application\/ld+json\" class=\"yoast-schema-graph\">{\"@context\":\"https:\/\/schema.org\",\"@graph\":[{\"@type\":\"Organization\",\"@id\":\"https:\/\/langueetcom.fr\/#organization\",\"name\":\"Langue et Communication\",\"url\":\"https:\/\/langueetcom.fr\/\",\"sameAs\":[],\"logo\":{\"@type\":\"ImageObject\",\"@id\":\"https:\/\/langueetcom.fr\/#logo\",\"inLanguage\":\"fr-FR\",\"url\":\"https:\/\/langueetcom.fr\/wp-content\/uploads\/2020\/12\/langueetcom-logo-typoseule-004.png\",\"contentUrl\":\"https:\/\/langueetcom.fr\/wp-content\/uploads\/2020\/12\/langueetcom-logo-typoseule-004.png\",\"width\":909,\"height\":268,\"caption\":\"Langue et Communication\"},\"image\":{\"@id\":\"https:\/\/langueetcom.fr\/#logo\"}},{\"@type\":\"WebSite\",\"@id\":\"https:\/\/langueetcom.fr\/#website\",\"url\":\"https:\/\/langueetcom.fr\/\",\"name\":\"Langue et Communication\",\"description\":\"Centre de formation pour un apprentissage du fran\\u00e7aisriche de sens\",\"publisher\":{\"@id\":\"https:\/\/langueetcom.fr\/#organization\"},\"potentialAction\":[{\"@type\":\"SearchAction\",\"target\":\"https:\/\/langueetcom.fr\/?s={search_term_string}\",\"query-input\":\"required name=search_term_string\"}],\"inLanguage\":\"fr-FR\"},{\"@type\":\"ImageObject\",\"@id\":\"https:\/\/langueetcom.fr\/tout-public\/venez-applaudir-nos-apprenants-en-francais-langue-etrangere-sur-les-planches-du-theatre-de-la-paillette-le-mardi-20-janvier-2026-a-19h\/#primaryimage\",\"inLanguage\":\"fr-FR\",\"url\":\"https:\/\/langueetcom.fr\/wp-content\/uploads\/Photo-affiche.jpg\",\"contentUrl\":\"https:\/\/langueetcom.fr\/wp-content\/uploads\/Photo-affiche.jpg\",\"width\":2015,\"height\":1321},{\"@type\":\"WebPage\",\"@id\":\"https:\/\/langueetcom.fr\/tout-public\/venez-applaudir-nos-apprenants-en-francais-langue-etrangere-sur-les-planches-du-theatre-de-la-paillette-le-mardi-20-janvier-2026-a-19h\/#webpage\",\"url\":\"https:\/\/langueetcom.fr\/tout-public\/venez-applaudir-nos-apprenants-en-francais-langue-etrangere-sur-les-planches-du-theatre-de-la-paillette-le-mardi-20-janvier-2026-a-19h\/\",\"name\":\"Venez applaudir nos apprenants en fran\\u00e7ais langue \\u00e9trang\\u00e8re sur les planches du th\\u00e9\\u00e2tre de la Paillette le mardi 20 janvier 2026 \\u00e0 19h | Langue et Communication\",\"isPartOf\":{\"@id\":\"https:\/\/langueetcom.fr\/#website\"},\"primaryImageOfPage\":{\"@id\":\"https:\/\/langueetcom.fr\/tout-public\/venez-applaudir-nos-apprenants-en-francais-langue-etrangere-sur-les-planches-du-theatre-de-la-paillette-le-mardi-20-janvier-2026-a-19h\/#primaryimage\"},\"datePublished\":\"2026-01-06T11:07:47+00:00\",\"dateModified\":\"2026-01-26T13:46:57+00:00\",\"breadcrumb\":{\"@id\":\"https:\/\/langueetcom.fr\/tout-public\/venez-applaudir-nos-apprenants-en-francais-langue-etrangere-sur-les-planches-du-theatre-de-la-paillette-le-mardi-20-janvier-2026-a-19h\/#breadcrumb\"},\"inLanguage\":\"fr-FR\",\"potentialAction\":[{\"@type\":\"ReadAction\",\"target\":[\"https:\/\/langueetcom.fr\/tout-public\/venez-applaudir-nos-apprenants-en-francais-langue-etrangere-sur-les-planches-du-theatre-de-la-paillette-le-mardi-20-janvier-2026-a-19h\/\"]}]},{\"@type\":\"BreadcrumbList\",\"@id\":\"https:\/\/langueetcom.fr\/tout-public\/venez-applaudir-nos-apprenants-en-francais-langue-etrangere-sur-les-planches-du-theatre-de-la-paillette-le-mardi-20-janvier-2026-a-19h\/#breadcrumb\",\"itemListElement\":[{\"@type\":\"ListItem\",\"position\":1,\"item\":{\"@type\":\"WebPage\",\"@id\":\"https:\/\/langueetcom.fr\/\",\"url\":\"https:\/\/langueetcom.fr\/\",\"name\":\"Accueil\"}},{\"@type\":\"ListItem\",\"position\":2,\"item\":{\"@id\":\"https:\/\/langueetcom.fr\/tout-public\/venez-applaudir-nos-apprenants-en-francais-langue-etrangere-sur-les-planches-du-theatre-de-la-paillette-le-mardi-20-janvier-2026-a-19h\/#webpage\"}}]},{\"@type\":\"Article\",\"@id\":\"https:\/\/langueetcom.fr\/tout-public\/venez-applaudir-nos-apprenants-en-francais-langue-etrangere-sur-les-planches-du-theatre-de-la-paillette-le-mardi-20-janvier-2026-a-19h\/#article\",\"isPartOf\":{\"@id\":\"https:\/\/langueetcom.fr\/tout-public\/venez-applaudir-nos-apprenants-en-francais-langue-etrangere-sur-les-planches-du-theatre-de-la-paillette-le-mardi-20-janvier-2026-a-19h\/#webpage\"},\"author\":{\"@id\":\"https:\/\/langueetcom.fr\/#\/schema\/person\/e619bae5f71f0170943f1b7b251a2017\"},\"headline\":\"Venez applaudir nos apprenants en fran\\u00e7ais langue \\u00e9trang\\u00e8re sur les planches du th\\u00e9\\u00e2tre de la Paillette le mardi 20 janvier 2026 \\u00e0 19h\",\"datePublished\":\"2026-01-06T11:07:47+00:00\",\"dateModified\":\"2026-01-26T13:46:57+00:00\",\"mainEntityOfPage\":{\"@id\":\"https:\/\/langueetcom.fr\/tout-public\/venez-applaudir-nos-apprenants-en-francais-langue-etrangere-sur-les-planches-du-theatre-de-la-paillette-le-mardi-20-janvier-2026-a-19h\/#webpage\"},\"wordCount\":185,\"publisher\":{\"@id\":\"https:\/\/langueetcom.fr\/#organization\"},\"image\":{\"@id\":\"https:\/\/langueetcom.fr\/tout-public\/venez-applaudir-nos-apprenants-en-francais-langue-etrangere-sur-les-planches-du-theatre-de-la-paillette-le-mardi-20-janvier-2026-a-19h\/#primaryimage\"},\"thumbnailUrl\":\"https:\/\/langueetcom.fr\/wp-content\/uploads\/Photo-affiche.jpg\",\"articleSection\":[\"A destination des apprenant.es\",\"A destination des b\\u00e9n\\u00e9voles\",\"Tout public\"],\"inLanguage\":\"fr-FR\"},{\"@type\":\"Person\",\"@id\":\"https:\/\/langueetcom.fr\/#\/schema\/person\/e619bae5f71f0170943f1b7b251a2017\",\"name\":\"Chlo\\u00e9 LE VACON\",\"image\":{\"@type\":\"ImageObject\",\"@id\":\"https:\/\/langueetcom.fr\/#personlogo\",\"inLanguage\":\"fr-FR\",\"url\":\"https:\/\/secure.gravatar.com\/avatar\/9bc6a393034347824a1203396f6606d7?s=96&d=retro&r=g\",\"contentUrl\":\"https:\/\/secure.gravatar.com\/avatar\/9bc6a393034347824a1203396f6606d7?s=96&d=retro&r=g\",\"caption\":\"Chlo\\u00e9 LE VACON\"},\"url\":\"https:\/\/langueetcom.fr\/author\/chloe\/\"}]}<\/script>\n<!-- \/ Yoast SEO plugin. -->","_links":{"self":[{"href":"https:\/\/langueetcom.fr\/api\/wp\/v2\/posts\/42254"}],"collection":[{"href":"https:\/\/langueetcom.fr\/api\/wp\/v2\/posts"}],"about":[{"href":"https:\/\/langueetcom.fr\/api\/wp\/v2\/types\/post"}],"author":[{"embeddable":true,"href":"https:\/\/langueetcom.fr\/api\/wp\/v2\/users\/9"}],"replies":[{"embeddable":true,"href":"https:\/\/langueetcom.fr\/api\/wp\/v2\/comments?post=42254"}],"version-history":[{"count":3,"href":"https:\/\/langueetcom.fr\/api\/wp\/v2\/posts\/42254\/revisions"}],"predecessor-version":[{"id":42494,"href":"https:\/\/langueetcom.fr\/api\/wp\/v2\/posts\/42254\/revisions\/42494"}],"wp:featuredmedia":[{"embeddable":true,"href":"https:\/\/langueetcom.fr\/api\/wp\/v2\/media\/42259"}],"wp:attachment":[{"href":"https:\/\/langueetcom.fr\/api\/wp\/v2\/media?parent=42254"}],"wp:term":[{"taxonomy":"category","embeddable":true,"href":"https:\/\/langueetcom.fr\/api\/wp\/v2\/categories?post=42254"},{"taxonomy":"post_tag","embeddable":true,"href":"https:\/\/langueetcom.fr\/api\/wp\/v2\/tags?post=42254"},{"taxonomy":"post_series","embeddable":true,"href":"https:\/\/langueetcom.fr\/api\/wp\/v2\/post_series?post=42254"}],"curies":[{"name":"wp","href":"https:\/\/api.w.org\/{rel}","templated":true}]}}