{"id":42495,"date":"2026-01-26T14:48:50","date_gmt":"2026-01-26T13:48:50","guid":{"rendered":"https:\/\/langueetcom.fr\/?p=42495"},"modified":"2026-01-26T14:54:32","modified_gmt":"2026-01-26T13:54:32","slug":"sur-les-planches-avec-langue-et-communication-bravo-a-nos-apprenants","status":"publish","type":"post","link":"https:\/\/langueetcom.fr\/tout-public\/sur-les-planches-avec-langue-et-communication-bravo-a-nos-apprenants\/","title":{"rendered":"Sur les planches avec Langue et Communication : bravo \u00e0 nos apprenants !"},"content":{"rendered":"\n<p>Mardi 20 janvier 2026 \u2013 19h&nbsp;: Langue et Communication remercie chaleureusement tous les spectateurs\u00b7rices qui sont venu\u00b7e\u00b7s nous rejoindre pour assister \u00e0 la restitution-spectacle de l\u2019atelier \u00ab&nbsp;Le th\u00e9\u00e2tre en action&nbsp;\u00bb.<\/p>\n\n\n\n<p>En partenariat avec le Th\u00e9\u00e2tre la Paillette &#8211; que nous remercions encore pour son accueil volontaire et enthousiaste et pour avoir grandement facilit\u00e9 la mise en place du projet pour sa quatri\u00e8me \u00e9dition \u2013 cette action a permis \u00e0 10 adultes allophones d\u2019entrer dans la langue fran\u00e7aise gr\u00e2ce au th\u00e9\u00e2tre tout en d\u00e9couvrant l\u2019expression sc\u00e9nique.<\/p>\n\n\n\n<p>Tr\u00e8s \u00e0 l\u2019aise sur sc\u00e8ne, ils et elles ont impressionn\u00e9 un public venu nombreux d\u00e9couvrir l\u2019aboutissement de ce projet repr\u00e9sentant 96h de formation. Co-anim\u00e9 par une formatrice de FLE et 2 metteuses en sc\u00e8ne, membres de la compagnie 13\/10<sup>\u00e8me<\/sup> en ut, l\u2019atelier a ravi les participant\u00b7e\u00b7s qui ont gagn\u00e9 en aisance en fran\u00e7ais, dans leurs interactions du quotidien, ont pu assister \u00e0 des spectacles et des rencontres avec les artistes au th\u00e9\u00e2tre de la Paillette, et ont v\u00e9cu une exp\u00e9rience riche et hors du commun\u2026comme ils et elles ont pu en t\u00e9moigner lors de l\u2019\u00e9change avec le public qui a suivi la repr\u00e9sentation&nbsp;!<\/p>\n\n\n\n<p>Une belle soir\u00e9e qui restera dans les m\u00e9moires&nbsp;!<\/p>\n\n\n\n<p>Merci \u00e0 l\u2019Etat, \u00e0 la DRAC, \u00e0 la ville de Rennes et au CCAS de Rennes qui soutiennent ce projet.<\/p>\n\n\n\n<p>Cr\u00e9dit photos : La Paillette<\/p>\n\n\n\n<figure class=\"wp-block-image size-large\"><img loading=\"lazy\" width=\"1024\" height=\"576\" src=\"https:\/\/langueetcom.fr\/wp-content\/uploads\/P1490585-1024x576.jpg\" alt=\"\" class=\"wp-image-42509\" srcset=\"https:\/\/langueetcom.fr\/wp-content\/uploads\/P1490585-1024x576.jpg 1024w, https:\/\/langueetcom.fr\/wp-content\/uploads\/P1490585-300x169.jpg 300w, https:\/\/langueetcom.fr\/wp-content\/uploads\/P1490585-768x432.jpg 768w, https:\/\/langueetcom.fr\/wp-content\/uploads\/P1490585-1536x864.jpg 1536w, https:\/\/langueetcom.fr\/wp-content\/uploads\/P1490585.jpg 1920w\" sizes=\"(max-width: 1024px) 100vw, 1024px\" \/><figcaption>\u00ab\u00a0On imagine qu&rsquo;on est au mus\u00e9e !\u00a0\u00bb<\/figcaption><\/figure>\n\n\n\n<figure class=\"wp-block-image size-large\"><img loading=\"lazy\" width=\"1024\" height=\"576\" src=\"https:\/\/langueetcom.fr\/wp-content\/uploads\/P1490426-1024x576.jpg\" alt=\"\" class=\"wp-image-42499\" srcset=\"https:\/\/langueetcom.fr\/wp-content\/uploads\/P1490426-1024x576.jpg 1024w, https:\/\/langueetcom.fr\/wp-content\/uploads\/P1490426-300x169.jpg 300w, https:\/\/langueetcom.fr\/wp-content\/uploads\/P1490426-768x432.jpg 768w, https:\/\/langueetcom.fr\/wp-content\/uploads\/P1490426-1536x864.jpg 1536w, https:\/\/langueetcom.fr\/wp-content\/uploads\/P1490426.jpg 1920w\" sizes=\"(max-width: 1024px) 100vw, 1024px\" \/><figcaption>\u00ab\u00a0C&rsquo;est ma pause ! 30 minutes !\u00a0\u00bb<\/figcaption><\/figure>\n\n\n\n<figure class=\"wp-block-image size-large\"><img loading=\"lazy\" width=\"1024\" height=\"576\" src=\"https:\/\/langueetcom.fr\/wp-content\/uploads\/P1490551-1024x576.jpg\" alt=\"\" class=\"wp-image-42508\" srcset=\"https:\/\/langueetcom.fr\/wp-content\/uploads\/P1490551-1024x576.jpg 1024w, https:\/\/langueetcom.fr\/wp-content\/uploads\/P1490551-300x169.jpg 300w, https:\/\/langueetcom.fr\/wp-content\/uploads\/P1490551-768x432.jpg 768w, https:\/\/langueetcom.fr\/wp-content\/uploads\/P1490551-1536x864.jpg 1536w, https:\/\/langueetcom.fr\/wp-content\/uploads\/P1490551.jpg 1920w\" sizes=\"(max-width: 1024px) 100vw, 1024px\" \/><figcaption>\u00ab\u00a0J&rsquo;ai trouv\u00e9 un chapeau.\u00a0\u00bb<\/figcaption><\/figure>\n\n\n\n<figure class=\"wp-block-image size-large\"><img loading=\"lazy\" width=\"1024\" height=\"576\" src=\"https:\/\/langueetcom.fr\/wp-content\/uploads\/P1490449-1024x576.jpg\" alt=\"\" class=\"wp-image-42502\" srcset=\"https:\/\/langueetcom.fr\/wp-content\/uploads\/P1490449-1024x576.jpg 1024w, https:\/\/langueetcom.fr\/wp-content\/uploads\/P1490449-300x169.jpg 300w, https:\/\/langueetcom.fr\/wp-content\/uploads\/P1490449-768x432.jpg 768w, https:\/\/langueetcom.fr\/wp-content\/uploads\/P1490449-1536x864.jpg 1536w, https:\/\/langueetcom.fr\/wp-content\/uploads\/P1490449.jpg 1920w\" sizes=\"(max-width: 1024px) 100vw, 1024px\" \/><figcaption>Merci d&rsquo;\u00eatre venus si nombreux !<\/figcaption><\/figure>\n","protected":false},"excerpt":{"rendered":"<p>Mardi 20 janvier 2026 \u2013 19h&nbsp;: Langue et Communication remercie chaleureusement tous les spectateurs\u00b7rices qui sont venu\u00b7e\u00b7s nous rejoindre pour assister \u00e0 la restitution-spectacle de l\u2019atelier \u00ab&nbsp;Le th\u00e9\u00e2tre en action&nbsp;\u00bb. En partenariat avec le Th\u00e9\u00e2tre la Paillette &#8211; que nous&hellip;<\/p>\n","protected":false},"author":9,"featured_media":42498,"comment_status":"closed","ping_status":"open","sticky":false,"template":"","format":"standard","meta":{"_EventAllDay":false,"_EventTimezone":"","_EventStartDate":"","_EventEndDate":"","_EventStartDateUTC":"","_EventEndDateUTC":"","_EventShowMap":false,"_EventShowMapLink":false,"_EventURL":"","_EventCost":"","_EventCostDescription":"","_EventCurrencySymbol":"","_EventCurrencyPosition":"","_EventDateTimeSeparator":"","_EventTimeRangeSeparator":"","_EventOrganizerID":[],"_EventVenueID":0,"_OrganizerEmail":"","_OrganizerPhone":"","_OrganizerWebsite":"","_VenueAddress":"","_VenueCity":"","_VenueCountry":"","_VenueProvince":"","_VenueZip":"","_VenuePhone":"","_VenueURL":"","_VenueStateProvince":"","_VenueLat":"","_VenueLng":""},"categories":[19,21,13,17],"tags":[],"post_series":[],"yoast_head":"<!-- This site is optimized with the Yoast SEO plugin v16.4 - https:\/\/yoast.com\/wordpress\/plugins\/seo\/ -->\n<title>Sur les planches avec Langue et Communication : bravo \u00e0 nos apprenants ! | Langue et Communication<\/title>\n<meta name=\"robots\" content=\"index, follow, max-snippet:-1, max-image-preview:large, max-video-preview:-1\" \/>\n<link rel=\"canonical\" href=\"https:\/\/langueetcom.fr\/tout-public\/sur-les-planches-avec-langue-et-communication-bravo-a-nos-apprenants\/\" \/>\n<meta property=\"og:locale\" content=\"fr_FR\" \/>\n<meta property=\"og:type\" content=\"article\" \/>\n<meta property=\"og:title\" content=\"Sur les planches avec Langue et Communication : bravo \u00e0 nos apprenants ! | Langue et Communication\" \/>\n<meta property=\"og:description\" content=\"Mardi 20 janvier 2026 \u2013 19h&nbsp;: Langue et Communication remercie chaleureusement tous les spectateurs\u00b7rices qui sont venu\u00b7e\u00b7s nous rejoindre pour assister \u00e0 la restitution-spectacle de l\u2019atelier \u00ab&nbsp;Le th\u00e9\u00e2tre en action&nbsp;\u00bb. En partenariat avec le Th\u00e9\u00e2tre la Paillette &#8211; que nous&hellip;\" \/>\n<meta property=\"og:url\" content=\"https:\/\/langueetcom.fr\/tout-public\/sur-les-planches-avec-langue-et-communication-bravo-a-nos-apprenants\/\" \/>\n<meta property=\"og:site_name\" content=\"Langue et Communication\" \/>\n<meta property=\"article:published_time\" content=\"2026-01-26T13:48:50+00:00\" \/>\n<meta property=\"article:modified_time\" content=\"2026-01-26T13:54:32+00:00\" \/>\n<meta property=\"og:image\" content=\"https:\/\/langueetcom.fr\/wp-content\/uploads\/Theatre-bord-de-scene_P1490625.jpg\" \/>\n\t<meta property=\"og:image:width\" content=\"1751\" \/>\n\t<meta property=\"og:image:height\" content=\"1080\" \/>\n<meta name=\"twitter:card\" content=\"summary_large_image\" \/>\n<meta name=\"twitter:label1\" content=\"Dur\u00e9e de lecture est.\" \/>\n\t<meta name=\"twitter:data1\" content=\"2 minutes\" \/>\n<script type=\"application\/ld+json\" class=\"yoast-schema-graph\">{\"@context\":\"https:\/\/schema.org\",\"@graph\":[{\"@type\":\"Organization\",\"@id\":\"https:\/\/langueetcom.fr\/#organization\",\"name\":\"Langue et Communication\",\"url\":\"https:\/\/langueetcom.fr\/\",\"sameAs\":[],\"logo\":{\"@type\":\"ImageObject\",\"@id\":\"https:\/\/langueetcom.fr\/#logo\",\"inLanguage\":\"fr-FR\",\"url\":\"https:\/\/langueetcom.fr\/wp-content\/uploads\/2020\/12\/langueetcom-logo-typoseule-004.png\",\"contentUrl\":\"https:\/\/langueetcom.fr\/wp-content\/uploads\/2020\/12\/langueetcom-logo-typoseule-004.png\",\"width\":909,\"height\":268,\"caption\":\"Langue et Communication\"},\"image\":{\"@id\":\"https:\/\/langueetcom.fr\/#logo\"}},{\"@type\":\"WebSite\",\"@id\":\"https:\/\/langueetcom.fr\/#website\",\"url\":\"https:\/\/langueetcom.fr\/\",\"name\":\"Langue et Communication\",\"description\":\"Centre de formation pour un apprentissage du fran\\u00e7aisriche de sens\",\"publisher\":{\"@id\":\"https:\/\/langueetcom.fr\/#organization\"},\"potentialAction\":[{\"@type\":\"SearchAction\",\"target\":\"https:\/\/langueetcom.fr\/?s={search_term_string}\",\"query-input\":\"required name=search_term_string\"}],\"inLanguage\":\"fr-FR\"},{\"@type\":\"ImageObject\",\"@id\":\"https:\/\/langueetcom.fr\/tout-public\/sur-les-planches-avec-langue-et-communication-bravo-a-nos-apprenants\/#primaryimage\",\"inLanguage\":\"fr-FR\",\"url\":\"https:\/\/langueetcom.fr\/wp-content\/uploads\/Theatre-bord-de-scene_P1490625.jpg\",\"contentUrl\":\"https:\/\/langueetcom.fr\/wp-content\/uploads\/Theatre-bord-de-scene_P1490625.jpg\",\"width\":1751,\"height\":1080},{\"@type\":\"WebPage\",\"@id\":\"https:\/\/langueetcom.fr\/tout-public\/sur-les-planches-avec-langue-et-communication-bravo-a-nos-apprenants\/#webpage\",\"url\":\"https:\/\/langueetcom.fr\/tout-public\/sur-les-planches-avec-langue-et-communication-bravo-a-nos-apprenants\/\",\"name\":\"Sur les planches avec Langue et Communication : bravo \\u00e0 nos apprenants ! | Langue et Communication\",\"isPartOf\":{\"@id\":\"https:\/\/langueetcom.fr\/#website\"},\"primaryImageOfPage\":{\"@id\":\"https:\/\/langueetcom.fr\/tout-public\/sur-les-planches-avec-langue-et-communication-bravo-a-nos-apprenants\/#primaryimage\"},\"datePublished\":\"2026-01-26T13:48:50+00:00\",\"dateModified\":\"2026-01-26T13:54:32+00:00\",\"breadcrumb\":{\"@id\":\"https:\/\/langueetcom.fr\/tout-public\/sur-les-planches-avec-langue-et-communication-bravo-a-nos-apprenants\/#breadcrumb\"},\"inLanguage\":\"fr-FR\",\"potentialAction\":[{\"@type\":\"ReadAction\",\"target\":[\"https:\/\/langueetcom.fr\/tout-public\/sur-les-planches-avec-langue-et-communication-bravo-a-nos-apprenants\/\"]}]},{\"@type\":\"BreadcrumbList\",\"@id\":\"https:\/\/langueetcom.fr\/tout-public\/sur-les-planches-avec-langue-et-communication-bravo-a-nos-apprenants\/#breadcrumb\",\"itemListElement\":[{\"@type\":\"ListItem\",\"position\":1,\"item\":{\"@type\":\"WebPage\",\"@id\":\"https:\/\/langueetcom.fr\/\",\"url\":\"https:\/\/langueetcom.fr\/\",\"name\":\"Accueil\"}},{\"@type\":\"ListItem\",\"position\":2,\"item\":{\"@id\":\"https:\/\/langueetcom.fr\/tout-public\/sur-les-planches-avec-langue-et-communication-bravo-a-nos-apprenants\/#webpage\"}}]},{\"@type\":\"Article\",\"@id\":\"https:\/\/langueetcom.fr\/tout-public\/sur-les-planches-avec-langue-et-communication-bravo-a-nos-apprenants\/#article\",\"isPartOf\":{\"@id\":\"https:\/\/langueetcom.fr\/tout-public\/sur-les-planches-avec-langue-et-communication-bravo-a-nos-apprenants\/#webpage\"},\"author\":{\"@id\":\"https:\/\/langueetcom.fr\/#\/schema\/person\/e619bae5f71f0170943f1b7b251a2017\"},\"headline\":\"Sur les planches avec Langue et Communication : bravo \\u00e0 nos apprenants !\",\"datePublished\":\"2026-01-26T13:48:50+00:00\",\"dateModified\":\"2026-01-26T13:54:32+00:00\",\"mainEntityOfPage\":{\"@id\":\"https:\/\/langueetcom.fr\/tout-public\/sur-les-planches-avec-langue-et-communication-bravo-a-nos-apprenants\/#webpage\"},\"wordCount\":279,\"publisher\":{\"@id\":\"https:\/\/langueetcom.fr\/#organization\"},\"image\":{\"@id\":\"https:\/\/langueetcom.fr\/tout-public\/sur-les-planches-avec-langue-et-communication-bravo-a-nos-apprenants\/#primaryimage\"},\"thumbnailUrl\":\"https:\/\/langueetcom.fr\/wp-content\/uploads\/Theatre-bord-de-scene_P1490625.jpg\",\"articleSection\":[\"A destination des apprenant.es\",\"A destination des b\\u00e9n\\u00e9voles\",\"A la une\",\"Tout public\"],\"inLanguage\":\"fr-FR\"},{\"@type\":\"Person\",\"@id\":\"https:\/\/langueetcom.fr\/#\/schema\/person\/e619bae5f71f0170943f1b7b251a2017\",\"name\":\"Chlo\\u00e9 LE VACON\",\"image\":{\"@type\":\"ImageObject\",\"@id\":\"https:\/\/langueetcom.fr\/#personlogo\",\"inLanguage\":\"fr-FR\",\"url\":\"https:\/\/secure.gravatar.com\/avatar\/9bc6a393034347824a1203396f6606d7?s=96&d=retro&r=g\",\"contentUrl\":\"https:\/\/secure.gravatar.com\/avatar\/9bc6a393034347824a1203396f6606d7?s=96&d=retro&r=g\",\"caption\":\"Chlo\\u00e9 LE VACON\"},\"url\":\"https:\/\/langueetcom.fr\/author\/chloe\/\"}]}<\/script>\n<!-- \/ Yoast SEO plugin. -->","_links":{"self":[{"href":"https:\/\/langueetcom.fr\/api\/wp\/v2\/posts\/42495"}],"collection":[{"href":"https:\/\/langueetcom.fr\/api\/wp\/v2\/posts"}],"about":[{"href":"https:\/\/langueetcom.fr\/api\/wp\/v2\/types\/post"}],"author":[{"embeddable":true,"href":"https:\/\/langueetcom.fr\/api\/wp\/v2\/users\/9"}],"replies":[{"embeddable":true,"href":"https:\/\/langueetcom.fr\/api\/wp\/v2\/comments?post=42495"}],"version-history":[{"count":2,"href":"https:\/\/langueetcom.fr\/api\/wp\/v2\/posts\/42495\/revisions"}],"predecessor-version":[{"id":42511,"href":"https:\/\/langueetcom.fr\/api\/wp\/v2\/posts\/42495\/revisions\/42511"}],"wp:featuredmedia":[{"embeddable":true,"href":"https:\/\/langueetcom.fr\/api\/wp\/v2\/media\/42498"}],"wp:attachment":[{"href":"https:\/\/langueetcom.fr\/api\/wp\/v2\/media?parent=42495"}],"wp:term":[{"taxonomy":"category","embeddable":true,"href":"https:\/\/langueetcom.fr\/api\/wp\/v2\/categories?post=42495"},{"taxonomy":"post_tag","embeddable":true,"href":"https:\/\/langueetcom.fr\/api\/wp\/v2\/tags?post=42495"},{"taxonomy":"post_series","embeddable":true,"href":"https:\/\/langueetcom.fr\/api\/wp\/v2\/post_series?post=42495"}],"curies":[{"name":"wp","href":"https:\/\/api.w.org\/{rel}","templated":true}]}}