{"id":43411,"date":"2026-03-13T10:22:19","date_gmt":"2026-03-13T09:22:19","guid":{"rendered":"https:\/\/langueetcom.fr\/?p=43411"},"modified":"2026-03-13T10:26:03","modified_gmt":"2026-03-13T09:26:03","slug":"ce-printemps-faites-fleurir-votre-francais","status":"publish","type":"post","link":"https:\/\/langueetcom.fr\/tout-public\/ce-printemps-faites-fleurir-votre-francais\/","title":{"rendered":"Ce printemps, faites fleurir votre fran\u00e7ais !"},"content":{"rendered":"\n<p>\ud83c\udf38<strong>Progressez en groupe<\/strong> : <strong>cours collectifs A2, B1 et B2<\/strong><\/p>\n\n\n\n<p><strong>Du 4 mai au 24 juillet<\/strong><\/p>\n\n\n\n<p><a href=\"https:\/\/langueetcom.fr\/cours\/cours-intensifs\/\">Tous les d\u00e9tails ici.<\/a><\/p>\n\n\n\n<p>Nos cours intensifs de fran\u00e7ais <strong>A2, B1 et B2<\/strong> combinent cours collectifs en petits groupes, accompagnement p\u00e9dagogique et temps d\u2019apprentissage en autonomie pour vous permettre de progresser efficacement.<\/p>\n\n\n\n<p><strong>Avec un accompagnement tout au long de votre parcours :<\/strong><\/p>\n\n\n\n<ul><li>Permanences d\u2019aide \u00e0 la connexion<\/li><li>Acc\u00e8s aux ressources p\u00e9dagogiques en ligne<\/li><li>Journ\u00e9e d\u2019accueil en d\u00e9but de session<\/li><li>Suivi personnalis\u00e9 via votre Extranet<\/li><\/ul>\n\n\n\n<h4>\ud83c\udf38<strong>Objectif TCF IRN<\/strong><\/h4>\n\n\n\n<p><strong>Du 21 avril au 2 juin 2026<\/strong><\/p>\n\n\n\n<p>24 heures de cours du soir + 12 heures en autonomie pour se pr\u00e9parer efficacement \u00e0 l&rsquo;examen du TCF IRN<\/p>\n\n\n\n<p><a href=\"https:\/\/langueetcom.fr\/lc-admin\/post.php?vc_action=vc_inline&amp;post_id=39858&amp;post_type=cours\">Tous les d\u00e9tails ici.<\/a><\/p>\n\n\n\n<h4>\ud83c\udf38<strong>Un accompagnement sur-mesure : optez pour des cours particuliers<\/strong><\/h4>\n\n\n\n<p><strong>Toute l&rsquo;ann\u00e9e<\/strong>, <strong>selon vos disponibilit\u00e9s<\/strong><\/p>\n\n\n\n<p>Nos cours particuliers sont modulables pour r\u00e9pondre \u00e0 vos attentes.<\/p>\n\n\n\n<p><a href=\"https:\/\/langueetcom.fr\/cours\/cours-particuliers\/\">Tous les d\u00e9tails ici.<\/a><\/p>\n\n\n\n<p><\/p>\n\n\n\n<h4>\ud83d\udc49 Int\u00e9ress\u00e9\u00b7e ?<\/h4>\n\n\n\n<ul><li><strong><a href=\"https:\/\/docs.google.com\/forms\/d\/e\/1FAIpQLSeeD5d9W3_LZmKwmQTnphPVbZjna6Ajlayl0aicmLPrP6oFgQ\/viewform\">Test de positionnement en ligne gratuit<\/a><\/strong><\/li><li><strong>Entretien individuel<\/strong> pour d\u00e9finir le parcours le plus adapt\u00e9 \u00e0 vos besoins<\/li><\/ul>\n\n\n\n<p><\/p>\n","protected":false},"excerpt":{"rendered":"<p>\ud83c\udf38Progressez en groupe : cours collectifs A2, B1 et B2 Du 4 mai au 24 juillet Tous les d\u00e9tails ici. Nos cours intensifs de fran\u00e7ais A2, B1 et B2 combinent cours collectifs en petits groupes, accompagnement p\u00e9dagogique et temps d\u2019apprentissage&hellip;<\/p>\n","protected":false},"author":9,"featured_media":27313,"comment_status":"closed","ping_status":"open","sticky":false,"template":"","format":"standard","meta":{"_EventAllDay":false,"_EventTimezone":"","_EventStartDate":"","_EventEndDate":"","_EventStartDateUTC":"","_EventEndDateUTC":"","_EventShowMap":false,"_EventShowMapLink":false,"_EventURL":"","_EventCost":"","_EventCostDescription":"","_EventCurrencySymbol":"","_EventCurrencyPosition":"","_EventDateTimeSeparator":"","_EventTimeRangeSeparator":"","_EventOrganizerID":[],"_EventVenueID":0,"_OrganizerEmail":"","_OrganizerPhone":"","_OrganizerWebsite":"","_VenueAddress":"","_VenueCity":"","_VenueCountry":"","_VenueProvince":"","_VenueZip":"","_VenuePhone":"","_VenueURL":"","_VenueStateProvince":"","_VenueLat":"","_VenueLng":""},"categories":[13,17],"tags":[],"post_series":[],"yoast_head":"<!-- This site is optimized with the Yoast SEO plugin v16.4 - https:\/\/yoast.com\/wordpress\/plugins\/seo\/ -->\n<title>Ce printemps, faites fleurir votre fran\u00e7ais ! | Langue et Communication<\/title>\n<meta name=\"robots\" content=\"index, follow, max-snippet:-1, max-image-preview:large, max-video-preview:-1\" \/>\n<link rel=\"canonical\" href=\"https:\/\/langueetcom.fr\/tout-public\/ce-printemps-faites-fleurir-votre-francais\/\" \/>\n<meta property=\"og:locale\" content=\"fr_FR\" \/>\n<meta property=\"og:type\" content=\"article\" \/>\n<meta property=\"og:title\" content=\"Ce printemps, faites fleurir votre fran\u00e7ais ! | Langue et Communication\" \/>\n<meta property=\"og:description\" content=\"\ud83c\udf38Progressez en groupe : cours collectifs A2, B1 et B2 Du 4 mai au 24 juillet Tous les d\u00e9tails ici. Nos cours intensifs de fran\u00e7ais A2, B1 et B2 combinent cours collectifs en petits groupes, accompagnement p\u00e9dagogique et temps d\u2019apprentissage&hellip;\" \/>\n<meta property=\"og:url\" content=\"https:\/\/langueetcom.fr\/tout-public\/ce-printemps-faites-fleurir-votre-francais\/\" \/>\n<meta property=\"og:site_name\" content=\"Langue et Communication\" \/>\n<meta property=\"article:published_time\" content=\"2026-03-13T09:22:19+00:00\" \/>\n<meta property=\"article:modified_time\" content=\"2026-03-13T09:26:03+00:00\" \/>\n<meta property=\"og:image\" content=\"https:\/\/langueetcom.fr\/wp-content\/uploads\/Langue-et-Communication-2.jpg\" \/>\n\t<meta property=\"og:image:width\" content=\"2048\" \/>\n\t<meta property=\"og:image:height\" content=\"946\" \/>\n<meta name=\"twitter:card\" content=\"summary_large_image\" \/>\n<meta name=\"twitter:label1\" content=\"Dur\u00e9e de lecture est.\" \/>\n\t<meta name=\"twitter:data1\" content=\"1 minute\" \/>\n<script type=\"application\/ld+json\" class=\"yoast-schema-graph\">{\"@context\":\"https:\/\/schema.org\",\"@graph\":[{\"@type\":\"Organization\",\"@id\":\"https:\/\/langueetcom.fr\/#organization\",\"name\":\"Langue et Communication\",\"url\":\"https:\/\/langueetcom.fr\/\",\"sameAs\":[],\"logo\":{\"@type\":\"ImageObject\",\"@id\":\"https:\/\/langueetcom.fr\/#logo\",\"inLanguage\":\"fr-FR\",\"url\":\"https:\/\/langueetcom.fr\/wp-content\/uploads\/2020\/12\/langueetcom-logo-typoseule-004.png\",\"contentUrl\":\"https:\/\/langueetcom.fr\/wp-content\/uploads\/2020\/12\/langueetcom-logo-typoseule-004.png\",\"width\":909,\"height\":268,\"caption\":\"Langue et Communication\"},\"image\":{\"@id\":\"https:\/\/langueetcom.fr\/#logo\"}},{\"@type\":\"WebSite\",\"@id\":\"https:\/\/langueetcom.fr\/#website\",\"url\":\"https:\/\/langueetcom.fr\/\",\"name\":\"Langue et Communication\",\"description\":\"Centre de formation pour un apprentissage du fran\\u00e7aisriche de sens\",\"publisher\":{\"@id\":\"https:\/\/langueetcom.fr\/#organization\"},\"potentialAction\":[{\"@type\":\"SearchAction\",\"target\":\"https:\/\/langueetcom.fr\/?s={search_term_string}\",\"query-input\":\"required name=search_term_string\"}],\"inLanguage\":\"fr-FR\"},{\"@type\":\"ImageObject\",\"@id\":\"https:\/\/langueetcom.fr\/tout-public\/ce-printemps-faites-fleurir-votre-francais\/#primaryimage\",\"inLanguage\":\"fr-FR\",\"url\":\"https:\/\/langueetcom.fr\/wp-content\/uploads\/Langue-et-Communication-2.jpg\",\"contentUrl\":\"https:\/\/langueetcom.fr\/wp-content\/uploads\/Langue-et-Communication-2.jpg\",\"width\":2048,\"height\":946,\"caption\":\"cours de fran\\u00e7ais rennes\"},{\"@type\":\"WebPage\",\"@id\":\"https:\/\/langueetcom.fr\/tout-public\/ce-printemps-faites-fleurir-votre-francais\/#webpage\",\"url\":\"https:\/\/langueetcom.fr\/tout-public\/ce-printemps-faites-fleurir-votre-francais\/\",\"name\":\"Ce printemps, faites fleurir votre fran\\u00e7ais ! | Langue et Communication\",\"isPartOf\":{\"@id\":\"https:\/\/langueetcom.fr\/#website\"},\"primaryImageOfPage\":{\"@id\":\"https:\/\/langueetcom.fr\/tout-public\/ce-printemps-faites-fleurir-votre-francais\/#primaryimage\"},\"datePublished\":\"2026-03-13T09:22:19+00:00\",\"dateModified\":\"2026-03-13T09:26:03+00:00\",\"breadcrumb\":{\"@id\":\"https:\/\/langueetcom.fr\/tout-public\/ce-printemps-faites-fleurir-votre-francais\/#breadcrumb\"},\"inLanguage\":\"fr-FR\",\"potentialAction\":[{\"@type\":\"ReadAction\",\"target\":[\"https:\/\/langueetcom.fr\/tout-public\/ce-printemps-faites-fleurir-votre-francais\/\"]}]},{\"@type\":\"BreadcrumbList\",\"@id\":\"https:\/\/langueetcom.fr\/tout-public\/ce-printemps-faites-fleurir-votre-francais\/#breadcrumb\",\"itemListElement\":[{\"@type\":\"ListItem\",\"position\":1,\"item\":{\"@type\":\"WebPage\",\"@id\":\"https:\/\/langueetcom.fr\/\",\"url\":\"https:\/\/langueetcom.fr\/\",\"name\":\"Accueil\"}},{\"@type\":\"ListItem\",\"position\":2,\"item\":{\"@id\":\"https:\/\/langueetcom.fr\/tout-public\/ce-printemps-faites-fleurir-votre-francais\/#webpage\"}}]},{\"@type\":\"Article\",\"@id\":\"https:\/\/langueetcom.fr\/tout-public\/ce-printemps-faites-fleurir-votre-francais\/#article\",\"isPartOf\":{\"@id\":\"https:\/\/langueetcom.fr\/tout-public\/ce-printemps-faites-fleurir-votre-francais\/#webpage\"},\"author\":{\"@id\":\"https:\/\/langueetcom.fr\/#\/schema\/person\/e619bae5f71f0170943f1b7b251a2017\"},\"headline\":\"Ce printemps, faites fleurir votre fran\\u00e7ais !\",\"datePublished\":\"2026-03-13T09:22:19+00:00\",\"dateModified\":\"2026-03-13T09:26:03+00:00\",\"mainEntityOfPage\":{\"@id\":\"https:\/\/langueetcom.fr\/tout-public\/ce-printemps-faites-fleurir-votre-francais\/#webpage\"},\"wordCount\":168,\"publisher\":{\"@id\":\"https:\/\/langueetcom.fr\/#organization\"},\"image\":{\"@id\":\"https:\/\/langueetcom.fr\/tout-public\/ce-printemps-faites-fleurir-votre-francais\/#primaryimage\"},\"thumbnailUrl\":\"https:\/\/langueetcom.fr\/wp-content\/uploads\/Langue-et-Communication-2.jpg\",\"articleSection\":[\"A la une\",\"Tout public\"],\"inLanguage\":\"fr-FR\"},{\"@type\":\"Person\",\"@id\":\"https:\/\/langueetcom.fr\/#\/schema\/person\/e619bae5f71f0170943f1b7b251a2017\",\"name\":\"Chlo\\u00e9 LE VACON\",\"image\":{\"@type\":\"ImageObject\",\"@id\":\"https:\/\/langueetcom.fr\/#personlogo\",\"inLanguage\":\"fr-FR\",\"url\":\"https:\/\/secure.gravatar.com\/avatar\/9bc6a393034347824a1203396f6606d7?s=96&d=retro&r=g\",\"contentUrl\":\"https:\/\/secure.gravatar.com\/avatar\/9bc6a393034347824a1203396f6606d7?s=96&d=retro&r=g\",\"caption\":\"Chlo\\u00e9 LE VACON\"},\"url\":\"https:\/\/langueetcom.fr\/author\/chloe\/\"}]}<\/script>\n<!-- \/ Yoast SEO plugin. -->","_links":{"self":[{"href":"https:\/\/langueetcom.fr\/api\/wp\/v2\/posts\/43411"}],"collection":[{"href":"https:\/\/langueetcom.fr\/api\/wp\/v2\/posts"}],"about":[{"href":"https:\/\/langueetcom.fr\/api\/wp\/v2\/types\/post"}],"author":[{"embeddable":true,"href":"https:\/\/langueetcom.fr\/api\/wp\/v2\/users\/9"}],"replies":[{"embeddable":true,"href":"https:\/\/langueetcom.fr\/api\/wp\/v2\/comments?post=43411"}],"version-history":[{"count":1,"href":"https:\/\/langueetcom.fr\/api\/wp\/v2\/posts\/43411\/revisions"}],"predecessor-version":[{"id":43413,"href":"https:\/\/langueetcom.fr\/api\/wp\/v2\/posts\/43411\/revisions\/43413"}],"wp:featuredmedia":[{"embeddable":true,"href":"https:\/\/langueetcom.fr\/api\/wp\/v2\/media\/27313"}],"wp:attachment":[{"href":"https:\/\/langueetcom.fr\/api\/wp\/v2\/media?parent=43411"}],"wp:term":[{"taxonomy":"category","embeddable":true,"href":"https:\/\/langueetcom.fr\/api\/wp\/v2\/categories?post=43411"},{"taxonomy":"post_tag","embeddable":true,"href":"https:\/\/langueetcom.fr\/api\/wp\/v2\/tags?post=43411"},{"taxonomy":"post_series","embeddable":true,"href":"https:\/\/langueetcom.fr\/api\/wp\/v2\/post_series?post=43411"}],"curies":[{"name":"wp","href":"https:\/\/api.w.org\/{rel}","templated":true}]}}